{"id":2816,"date":"2024-01-22T22:11:13","date_gmt":"2024-01-23T01:11:13","guid":{"rendered":"http:\/\/bluerabbitech.com\/?p=2816"},"modified":"2025-04-22T22:16:36","modified_gmt":"2025-04-23T01:16:36","slug":"2816-2","status":"publish","type":"post","link":"https:\/\/bluerabbitech.com\/es\/2816-2\/","title":{"rendered":"Papa Francisco: C\u00f3mo ver la misa en vivo gratis"},"content":{"rendered":"<p><strong>Una despedida al l\u00edder espiritual de nuestro tiempo<\/strong><\/p>\n<p>El mundo se despide de <strong>Papa Francisco<\/strong>, uno de los l\u00edderes m\u00e1s carism\u00e1ticos e inspiradores de la Iglesia Cat\u00f3lica.<\/p>\n<p>Tras su fallecimiento, confirmado la ma\u00f1ana de este lunes (21), a los 88 a\u00f1os, v\u00edctima de un derrame cerebral seguido de un paro card\u00edaco, la Santa Sede anunci\u00f3 los detalles del funeral oficial que tendr\u00e1 lugar <strong>Este s\u00e1bado 26 de abril de 2025, a las 10 am<\/strong>\u00a0en el <strong>Plaza de San Pedro<\/strong>, en el Vaticano.<\/p>\n<p>En este art\u00edculo encontrar\u00e1s <strong>aplicaciones gratis<\/strong>, <strong>Plataformas de TV y streaming<\/strong> Es <strong>enlaces de confianza<\/strong> para ver la ceremonia <strong>vivir<\/strong> \u2014 desde cualquier parte del mundo. Una oportunidad para rendir nuestro \u00faltimo homenaje a un Papa que marc\u00f3 la historia con su sencillez, compasi\u00f3n y compromiso con los m\u00e1s pobres.<\/p>\n<hr \/>\n<h3>\ud83d\udcf2 D\u00f3nde ver en vivo el funeral del Papa Francisco<\/h3>\n<p>La misa ser\u00e1 presidida por <strong>Cardenal Giovanni Battista Re<\/strong>, Decano del Colegio Cardenalicio, y concelebrado por cl\u00e9rigos de todo el mundo. Vea a continuaci\u00f3n d\u00f3nde verlo gratis:<\/p>\n<h4>\ud83c\udf10 Plataformas y canales de transmisi\u00f3n en vivo<\/h4>\n<ul>\n<li><strong><a href=\"https:\/\/www.ewtn.com\/tv\/watch-live\">EWTN (Red de Televisi\u00f3n Palabra Eterna)<\/a><\/strong> \u2013 Canal cat\u00f3lico global con transmisi\u00f3n gratuita y en tiempo real.<\/li>\n<li><strong><a href=\"https:\/\/www.bbc.co.uk\/iplayer\">Reproductor BBC iPlayer<\/a><\/strong> \u2013 Transmitido en el Reino Unido con cobertura y an\u00e1lisis completos.<\/li>\n<li><strong><a href=\"https:\/\/www.rtve.es\/play\/\">RTVE Play<\/a><\/strong> \u2013 Televisi\u00f3n espa\u00f1ola en abierto con acceso internacional.<\/li>\n<li><strong><a href=\"https:\/\/www.france24.com\/en\/live\">Francia 24<\/a><\/strong> \u2013 Emisora francesa con cobertura multiling\u00fce (franc\u00e9s, ingl\u00e9s y espa\u00f1ol).<\/li>\n<li><strong><a href=\"https:\/\/www.dw.com\/pt-br\/transmissao-ao-vivo\/s-100973\">DW (Deutsche Welle)<\/a><\/strong> \u2013 Canal alem\u00e1n que emite en portugu\u00e9s y otros idiomas.<\/li>\n<li><strong><a href=\"https:\/\/www.youtube.com\/@cnnbrasil\">CNN Brasil \u2013 YouTube<\/a><\/strong> \u2013 Canal oficial con cobertura en vivo y comentarios de expertos.<\/li>\n<li><strong><a href=\"https:\/\/www.paieterno.com.br\/\">Padre Eterno TV<\/a><\/strong> \u2013 Canal cat\u00f3lico brasile\u00f1o que transmite desde las 5am.<\/li>\n<li><strong><a href=\"https:\/\/www.youtube.com\/@VaticanNews\">Medios del Vaticano \u2013 YouTube<\/a><\/strong> \u2013 Transmisi\u00f3n oficial del Vaticano con im\u00e1genes exclusivas de la misa y el entierro.<\/li>\n<\/ul>\n<h4>\ud83d\udcf1 Aplicaciones para ver en tu celular<\/h4>\n<ul>\n<li><a href=\"https:\/\/play.google.com\/store\/apps\/details?id=com.ewtn.mobile\">Aplicaci\u00f3n EWTN para Android<\/a><\/li>\n<li><a href=\"https:\/\/play.google.com\/store\/apps\/details?id=bbc.iplayer.android\">BBC iPlayer \u2013 Android<\/a><\/li>\n<li><a href=\"https:\/\/play.google.com\/store\/apps\/details?id=com.france24.androidapp\">Francia 24 \u2013 Android<\/a><\/li>\n<li><a href=\"https:\/\/play.google.com\/store\/apps\/details?id=es.rtve.play\">RTVE Play \u2013 Android<\/a><\/li>\n<li><a href=\"https:\/\/play.google.com\/store\/apps\/details?id=com.idmedia.dw\">Aplicaci\u00f3n DW para Android<\/a><\/li>\n<\/ul>\n<p>Estas aplicaciones tambi\u00e9n est\u00e1n disponibles en la App Store para dispositivos iOS.<\/p>\n<p>&nbsp;<\/p>\n<div id=\"attachment_2819\" style=\"width: 453px\" class=\"wp-caption aligncenter\"><img loading=\"lazy\" decoding=\"async\" aria-describedby=\"caption-attachment-2819\" class=\"wp-image-2819\" src=\"http:\/\/bluerabbitech.com\/wp-content\/uploads\/2025\/01\/Corpo-do-Papa-Francisco-repousa-no-caixao-na-capela-da-residencia-Santa-Marta-\u2014-Foto-Vatican-MediaDivisione-Foto-300x153.png\" alt=\"\" width=\"443\" height=\"226\" srcset=\"https:\/\/bluerabbitech.com\/wp-content\/uploads\/2025\/01\/Corpo-do-Papa-Francisco-repousa-no-caixao-na-capela-da-residencia-Santa-Marta-\u2014-Foto-Vatican-MediaDivisione-Foto-300x153.png 300w, https:\/\/bluerabbitech.com\/wp-content\/uploads\/2025\/01\/Corpo-do-Papa-Francisco-repousa-no-caixao-na-capela-da-residencia-Santa-Marta-\u2014-Foto-Vatican-MediaDivisione-Foto-768x391.png 768w, https:\/\/bluerabbitech.com\/wp-content\/uploads\/2025\/01\/Corpo-do-Papa-Francisco-repousa-no-caixao-na-capela-da-residencia-Santa-Marta-\u2014-Foto-Vatican-MediaDivisione-Foto-18x9.png 18w, https:\/\/bluerabbitech.com\/wp-content\/uploads\/2025\/01\/Corpo-do-Papa-Francisco-repousa-no-caixao-na-capela-da-residencia-Santa-Marta-\u2014-Foto-Vatican-MediaDivisione-Foto.png 864w\" sizes=\"auto, (max-width: 443px) 100vw, 443px\" \/><p id=\"caption-attachment-2819\" class=\"wp-caption-text\">El cuerpo del Papa Francisco reposa en el ata\u00fad en la capilla de la residencia de Santa Marta \u2014 Foto Vatican MediaDivisione Photo<\/p><\/div>\n<hr \/>\n<h3>\ud83d\udd4a\ufe0f Detalles del velorio y la ceremonia<\/h3>\n<p>El velorio de tres d\u00edas comenzar\u00e1 a las <strong>Mi\u00e9rcoles 23 de abril<\/strong>, en <strong>Bas\u00edlica de San Pedro<\/strong>, luego de que el cuerpo fuera trasladado en procesi\u00f3n desde la Casa Santa Marta. Durante este per\u00edodo los fieles podr\u00e1n presentar sus respetos.<\/p>\n<p>El s\u00e1bado, el <strong>masa corporal<\/strong> Se celebrar\u00e1 en la plaza frente a la bas\u00edlica y finalizar\u00e1 con los ritos de <strong>\u201c\u00daltima recomendaci\u00f3n\u201d<\/strong> Es <strong>\u201cDespierta\u201d<\/strong>, marcando el inicio de la tradicional <strong>nueve d\u00edas de luto (Novemdiales)<\/strong>.<\/p>\n<p>El Papa Francisco ser\u00e1 enterrado en <strong>Bas\u00edlica de Santa Mar\u00eda la Mayor<\/strong>, en Roma, en un sepulcro sencillo seg\u00fan su deseo: una despedida humilde y coherente con toda su trayectoria pastoral.<\/p>\n<hr \/>\n<h3>\ud83d\ude4f Conclusi\u00f3n: Una despedida con eterna gratitud<\/h3>\n<p>El mundo entero se une en oraci\u00f3n para despedir a un <strong>l\u00edder espiritual incomparable<\/strong>. El Papa Francisco deja un legado de <strong>humildad, justicia social, misericordia y paz<\/strong> \u2014valores que resonaron no s\u00f3lo entre los cat\u00f3licos, sino entre personas de todas las religiones.<\/p>\n<p>Seguir el funeral en directo es una forma de <strong>Presenta tus \u00faltimos respetos<\/strong> y agradecerle por todo lo que hizo en la vida. No pierdas esta oportunidad de participar, aunque sea a la distancia, en este momento. <strong>hist\u00f3rico y espiritual<\/strong>.<\/p>\n<h3><\/h3>","protected":false},"excerpt":{"rendered":"<p>Adi\u00f3s al l\u00edder espiritual de nuestro tiempo. El mundo despide al Papa Francisco, uno de los l\u00edderes m\u00e1s carism\u00e1ticos e inspiradores de la Iglesia Cat\u00f3lica\u2026.<\/p>","protected":false},"author":1,"featured_media":2821,"comment_status":"open","ping_status":"open","sticky":false,"template":"","format":"standard","meta":{"footnotes":""},"categories":[24],"tags":[1230,1229,1224,1228,1232,1227,1225,1233,1231,465,1226],"class_list":["post-2816","post","type-post","status-publish","format-standard","has-post-thumbnail","hentry","category-informacoes","tag-basilicadesaopedro","tag-despedidapontifice","tag-funeralpapafrancisco","tag-homenagemaopapa","tag-igrejacatolica","tag-missadecorpopresente","tag-papafrancisco","tag-papafranciscoeterno","tag-santamariamaior","tag-transmissaoaovivo","tag-vaticanoaovivo"],"_links":{"self":[{"href":"https:\/\/bluerabbitech.com\/es\/wp-json\/wp\/v2\/posts\/2816","targetHints":{"allow":["GET"]}}],"collection":[{"href":"https:\/\/bluerabbitech.com\/es\/wp-json\/wp\/v2\/posts"}],"about":[{"href":"https:\/\/bluerabbitech.com\/es\/wp-json\/wp\/v2\/types\/post"}],"author":[{"embeddable":true,"href":"https:\/\/bluerabbitech.com\/es\/wp-json\/wp\/v2\/users\/1"}],"replies":[{"embeddable":true,"href":"https:\/\/bluerabbitech.com\/es\/wp-json\/wp\/v2\/comments?post=2816"}],"version-history":[{"count":5,"href":"https:\/\/bluerabbitech.com\/es\/wp-json\/wp\/v2\/posts\/2816\/revisions"}],"predecessor-version":[{"id":2823,"href":"https:\/\/bluerabbitech.com\/es\/wp-json\/wp\/v2\/posts\/2816\/revisions\/2823"}],"wp:featuredmedia":[{"embeddable":true,"href":"https:\/\/bluerabbitech.com\/es\/wp-json\/wp\/v2\/media\/2821"}],"wp:attachment":[{"href":"https:\/\/bluerabbitech.com\/es\/wp-json\/wp\/v2\/media?parent=2816"}],"wp:term":[{"taxonomy":"category","embeddable":true,"href":"https:\/\/bluerabbitech.com\/es\/wp-json\/wp\/v2\/categories?post=2816"},{"taxonomy":"post_tag","embeddable":true,"href":"https:\/\/bluerabbitech.com\/es\/wp-json\/wp\/v2\/tags?post=2816"}],"curies":[{"name":"wp","href":"https:\/\/api.w.org\/{rel}","templated":true}]}}