{"id":2816,"date":"2024-01-22T22:11:13","date_gmt":"2024-01-23T01:11:13","guid":{"rendered":"http:\/\/bluerabbitech.com\/?p=2816"},"modified":"2025-04-22T22:16:36","modified_gmt":"2025-04-23T01:16:36","slug":"2816-2","status":"publish","type":"post","link":"https:\/\/bluerabbitech.com\/et\/2816-2\/","title":{"rendered":"Paavst Franciscus: kuidas tasuta missat otse\u00fclekandes vaadata"},"content":{"rendered":"<p><strong>H\u00fcvastij\u00e4tt meie aja vaimse juhiga<\/strong><\/p>\n<p>Maailm j\u00e4tab h\u00fcvasti <strong>Paavst Franciscus<\/strong>, katoliku kiriku \u00fcks karismaatilisemaid ja inspireerivamaid juhte.<\/p>\n<p>P\u00e4rast tema surma, mis kinnitati esmasp\u00e4eva hommikul (21), avaldas P\u00fcha Tool 88-aastasena insuldi ohvriks, millele j\u00e4rgnes s\u00fcdamepuudulikkus, toimuvate ametlike matuste \u00fcksikasjad. <strong>sel laup\u00e4eval, 26. aprillil 2025, kell 10.00<\/strong>\u00a0aastal <strong>Peetri v\u00e4ljak<\/strong>, Vatikanis.<\/p>\n<p>Sellest artiklist leiate <strong>tasuta rakendused<\/strong>, <strong>TV ja voogedastusplatvormid<\/strong> ja <strong>usaldusv\u00e4\u00e4rsed lingid<\/strong> tseremooniat vaatama <strong>elada<\/strong> - k\u00f5ikjalt maailmast. V\u00f5imalus avaldada viimast austust paavstile, kes t\u00e4histas ajalugu oma lihtsuse, kaastunde ja p\u00fchendumisega vaeseimatele.<\/p>\n<hr \/>\n<h3>\ud83d\udcf2 Kust paavst Franciscuse matuseid otse\u00fclekandena vaadata<\/h3>\n<p>Missat juhatab <strong>Kardinal Giovanni Battista Re<\/strong>, Cardinals College&#039;i dekaan ja vaimulikud \u00fcle kogu maailma. Vaadake altpoolt, kus saate tasuta vaadata:<\/p>\n<h4>\ud83c\udf10 Otse\u00fclekande platvormid ja kanalid<\/h4>\n<ul>\n<li><strong><a href=\"https:\/\/www.ewtn.com\/tv\/watch-live\">EWTN (Eternal Word Television Network)<\/a><\/strong> - \u00fclemaailmne katoliku kanal tasuta ja reaalajas edastamisega.<\/li>\n<li><strong><a href=\"https:\/\/www.bbc.co.uk\/iplayer\">BBC iPlayer<\/a><\/strong> \u2013 \u00dchendkuningriigis edastatakse t\u00e4ieliku kajastuse ja anal\u00fc\u00fcsiga.<\/li>\n<li><strong><a href=\"https:\/\/www.rtve.es\/play\/\">RTVE Play<\/a><\/strong> - Avage rahvusvahelise juurdep\u00e4\u00e4suga Hispaania televisioon.<\/li>\n<li><strong><a href=\"https:\/\/www.france24.com\/en\/live\">Prantsusmaa 24<\/a><\/strong> \u2013 Prantsuse ringh\u00e4\u00e4linguorganisatsioon mitmekeelse levialaga (prantsuse, inglise ja hispaania keeles).<\/li>\n<li><strong><a href=\"https:\/\/www.dw.com\/pt-br\/transmissao-ao-vivo\/s-100973\">DW (Deutsche Welle)<\/a><\/strong> \u2013 Saksa kanal, mis edastatakse portugali ja teistes keeltes.<\/li>\n<li><strong><a href=\"https:\/\/www.youtube.com\/@cnnbrasil\">CNN Brasiilia \u2013 YouTube<\/a><\/strong> - Ametlik kanal otse\u00fclekande ja ekspertide kommentaaridega.<\/li>\n<li><strong><a href=\"https:\/\/www.paieterno.com.br\/\">Igavene isa TV<\/a><\/strong> - Brasiilia katoliku kanal, mis edastatakse alates kella viiest hommikul.<\/li>\n<li><strong><a href=\"https:\/\/www.youtube.com\/@VaticanNews\">Vatikani meedia \u2013 YouTube<\/a><\/strong> \u2013 Vatikani ametlik saade koos eksklusiivsete piltidega massist ja matmisest.<\/li>\n<\/ul>\n<h4>\ud83d\udcf1 Rakendused, mida oma mobiiltelefonis vaadata<\/h4>\n<ul>\n<li><a href=\"https:\/\/play.google.com\/store\/apps\/details?id=com.ewtn.mobile\">EWTN-i rakendus \u2013 Android<\/a><\/li>\n<li><a href=\"https:\/\/play.google.com\/store\/apps\/details?id=bbc.iplayer.android\">BBC iPlayer \u2013 Android<\/a><\/li>\n<li><a href=\"https:\/\/play.google.com\/store\/apps\/details?id=com.france24.androidapp\">Prantsusmaa 24 \u2013 Android<\/a><\/li>\n<li><a href=\"https:\/\/play.google.com\/store\/apps\/details?id=es.rtve.play\">RTVE Play \u2013 Android<\/a><\/li>\n<li><a href=\"https:\/\/play.google.com\/store\/apps\/details?id=com.idmedia.dw\">DW rakendus \u2013 Android<\/a><\/li>\n<\/ul>\n<p>Need rakendused on iOS-i seadmetele saadaval ka App Store&#039;is.<\/p>\n<p>&nbsp;<\/p>\n<div id=\"attachment_2819\" style=\"width: 453px\" class=\"wp-caption aligncenter\"><img loading=\"lazy\" decoding=\"async\" aria-describedby=\"caption-attachment-2819\" class=\"wp-image-2819\" src=\"http:\/\/bluerabbitech.com\/wp-content\/uploads\/2025\/01\/Corpo-do-Papa-Francisco-repousa-no-caixao-na-capela-da-residencia-Santa-Marta-\u2014-Foto-Vatican-MediaDivisione-Foto-300x153.png\" alt=\"\" width=\"443\" height=\"226\" srcset=\"https:\/\/bluerabbitech.com\/wp-content\/uploads\/2025\/01\/Corpo-do-Papa-Francisco-repousa-no-caixao-na-capela-da-residencia-Santa-Marta-\u2014-Foto-Vatican-MediaDivisione-Foto-300x153.png 300w, https:\/\/bluerabbitech.com\/wp-content\/uploads\/2025\/01\/Corpo-do-Papa-Francisco-repousa-no-caixao-na-capela-da-residencia-Santa-Marta-\u2014-Foto-Vatican-MediaDivisione-Foto-768x391.png 768w, https:\/\/bluerabbitech.com\/wp-content\/uploads\/2025\/01\/Corpo-do-Papa-Francisco-repousa-no-caixao-na-capela-da-residencia-Santa-Marta-\u2014-Foto-Vatican-MediaDivisione-Foto-18x9.png 18w, https:\/\/bluerabbitech.com\/wp-content\/uploads\/2025\/01\/Corpo-do-Papa-Francisco-repousa-no-caixao-na-capela-da-residencia-Santa-Marta-\u2014-Foto-Vatican-MediaDivisione-Foto.png 864w\" sizes=\"auto, (max-width: 443px) 100vw, 443px\" \/><p id=\"caption-attachment-2819\" class=\"wp-caption-text\">Paavst Franciscuse surnukeha lebab Santa Marta residentsi kabelis kirstus \u2014 Photo Vatican MediaDivisione Photo<\/p><\/div>\n<hr \/>\n<h3>\ud83d\udd4a\ufe0f \u00c4ratuse ja tseremoonia \u00fcksikasjad<\/h3>\n<p>Kolmep\u00e4evane \u00e4ratus algab kl <strong>Kolmap\u00e4eval, 23. aprillil<\/strong>, sisse <strong>P\u00fcha Peetruse basiilika<\/strong>, p\u00e4rast seda, kui surnukeha viidi rongk\u00e4igus Casa Santa Martast. Selle aja jooksul saavad ustavad oma austust avaldada.<\/p>\n<p>Laup\u00e4eval, <strong>kehamass<\/strong> toimub basiilika esisel platsil ja l\u00f5peb riitustega <strong>&quot;Viimane kiitus&quot;<\/strong> ja <strong>&quot;Valedictio&quot;<\/strong>, mis t\u00e4histab traditsioonilise algust <strong>\u00fcheksa p\u00e4eva lein (Novemdiales)<\/strong>.<\/p>\n<p>Siia maetakse paavst Franciscus <strong>Saint Mary Majori basiilika<\/strong>, Roomas, tema soovi kohaselt lihtsas hauakambris \u2013 alandlik h\u00fcvastij\u00e4tt, mis on koosk\u00f5las kogu tema pastoraalse trajektooriga.<\/p>\n<hr \/>\n<h3>\ud83d\ude4f Kokkuv\u00f5te: h\u00fcvastij\u00e4tt igavese t\u00e4nuga<\/h3>\n<p>Kogu maailm \u00fchineb palvega, et j\u00e4tta h\u00fcvasti a <strong>v\u00f5rratu vaimne juht<\/strong>. Paavst Franciscus j\u00e4tab p\u00e4randi <strong>alandlikkust, sotsiaalset \u00f5iglust, halastust ja rahu<\/strong> -v\u00e4\u00e4rtused, mis k\u00f5lasid mitte ainult katoliiklaste, vaid k\u00f5igi usundite seas.<\/p>\n<p>Matuse otse\u00fclekanne on viis <strong>avaldage viimast austust<\/strong> ja t\u00e4nan teda k\u00f5ige eest, mida ta elus tegi. \u00c4rge j\u00e4tke kasutamata v\u00f5imalust osaleda, isegi distantsilt, sellel hetkel. <strong>ajalooline ja vaimne<\/strong>.<\/p>\n<h3><\/h3>","protected":false},"excerpt":{"rendered":"<p>Um adeus ao l\u00edder espiritual do nosso tempo O mundo se despede de Papa Francisco, um dos l\u00edderes mais carism\u00e1ticos e inspiradores da Igreja Cat\u00f3lica&#8230;.<\/p>","protected":false},"author":1,"featured_media":2821,"comment_status":"open","ping_status":"open","sticky":false,"template":"","format":"standard","meta":{"footnotes":""},"categories":[24],"tags":[1230,1229,1224,1228,1232,1227,1225,1233,1231,465,1226],"class_list":["post-2816","post","type-post","status-publish","format-standard","has-post-thumbnail","hentry","category-informacoes","tag-basilicadesaopedro","tag-despedidapontifice","tag-funeralpapafrancisco","tag-homenagemaopapa","tag-igrejacatolica","tag-missadecorpopresente","tag-papafrancisco","tag-papafranciscoeterno","tag-santamariamaior","tag-transmissaoaovivo","tag-vaticanoaovivo"],"_links":{"self":[{"href":"https:\/\/bluerabbitech.com\/et\/wp-json\/wp\/v2\/posts\/2816","targetHints":{"allow":["GET"]}}],"collection":[{"href":"https:\/\/bluerabbitech.com\/et\/wp-json\/wp\/v2\/posts"}],"about":[{"href":"https:\/\/bluerabbitech.com\/et\/wp-json\/wp\/v2\/types\/post"}],"author":[{"embeddable":true,"href":"https:\/\/bluerabbitech.com\/et\/wp-json\/wp\/v2\/users\/1"}],"replies":[{"embeddable":true,"href":"https:\/\/bluerabbitech.com\/et\/wp-json\/wp\/v2\/comments?post=2816"}],"version-history":[{"count":5,"href":"https:\/\/bluerabbitech.com\/et\/wp-json\/wp\/v2\/posts\/2816\/revisions"}],"predecessor-version":[{"id":2823,"href":"https:\/\/bluerabbitech.com\/et\/wp-json\/wp\/v2\/posts\/2816\/revisions\/2823"}],"wp:featuredmedia":[{"embeddable":true,"href":"https:\/\/bluerabbitech.com\/et\/wp-json\/wp\/v2\/media\/2821"}],"wp:attachment":[{"href":"https:\/\/bluerabbitech.com\/et\/wp-json\/wp\/v2\/media?parent=2816"}],"wp:term":[{"taxonomy":"category","embeddable":true,"href":"https:\/\/bluerabbitech.com\/et\/wp-json\/wp\/v2\/categories?post=2816"},{"taxonomy":"post_tag","embeddable":true,"href":"https:\/\/bluerabbitech.com\/et\/wp-json\/wp\/v2\/tags?post=2816"}],"curies":[{"name":"wp","href":"https:\/\/api.w.org\/{rel}","templated":true}]}}