{"id":2816,"date":"2024-01-22T22:11:13","date_gmt":"2024-01-23T01:11:13","guid":{"rendered":"http:\/\/bluerabbitech.com\/?p=2816"},"modified":"2025-04-22T22:16:36","modified_gmt":"2025-04-23T01:16:36","slug":"2816-2","status":"publish","type":"post","link":"https:\/\/bluerabbitech.com\/hu\/2816-2\/","title":{"rendered":"Ferenc p\u00e1pa: Hogyan n\u00e9zhetsz ingyen \u00e9l\u0151ben mis\u00e9t?"},"content":{"rendered":"<p><strong>B\u00facs\u00fa korunk spiritu\u00e1lis vezet\u0151j\u00e9t\u0151l<\/strong><\/p>\n<p>A vil\u00e1g b\u00facs\u00fat int <strong>Ferenc p\u00e1pa<\/strong>, a katolikus egyh\u00e1z egyik legkarizmatikusabb \u00e9s legihletettebb vezet\u0151je.<\/p>\n<p>H\u00e9tf\u0151 reggel (21) meger\u0151s\u00edtett hal\u00e1la ut\u00e1n, 88 \u00e9ves kor\u00e1ban, sz\u00e9l\u00fct\u00e9s, majd sz\u00edvel\u00e9gtelens\u00e9g k\u00f6vetkezt\u00e9ben, a Szentsz\u00e9k bejelentette a hivatalos temet\u00e9s r\u00e9szleteit. <strong>ezen a szombaton, 2025. \u00e1prilis 26-\u00e1n, d\u00e9lel\u0151tt 10:00-kor<\/strong>\u00a0a <strong>Szent P\u00e9ter t\u00e9r<\/strong>, a Vatik\u00e1nban.<\/p>\n<p>Ebben a cikkben megtal\u00e1lod <strong>ingyenes alkalmaz\u00e1sok<\/strong>, <strong>TV \u00e9s streaming platformok<\/strong> \u00e9s <strong>megb\u00edzhat\u00f3 linkek<\/strong> hogy megn\u00e9zze a szertart\u00e1st <strong>\u00e9l\u0151<\/strong> \u2013 a vil\u00e1g b\u00e1rmely pontj\u00e1r\u00f3l. Lehet\u0151s\u00e9g ny\u00edlik arra, hogy ler\u00f3juk utols\u00f3 tisztelet\u00fcnket egy olyan p\u00e1pa el\u0151tt, aki egyszer\u0171s\u00e9g\u00e9vel, egy\u00fctt\u00e9rz\u00e9s\u00e9vel \u00e9s a legszeg\u00e9nyebbek ir\u00e1nti elk\u00f6telezetts\u00e9g\u00e9vel \u00edrta be a t\u00f6rt\u00e9nelmet.<\/p>\n<hr \/>\n<h3>\ud83d\udcf2 Hol n\u00e9zheted \u00e9l\u0151ben Ferenc p\u00e1pa temet\u00e9s\u00e9t?<\/h3>\n<p>A mis\u00e9t celebr\u00e1lja <strong>Giovanni Battista Re b\u00edboros<\/strong>, a B\u00edborosi Koll\u00e9gium d\u00e9k\u00e1nja, akit a vil\u00e1g minden t\u00e1j\u00e1r\u00f3l \u00e9rkez\u0151 papok koncelebr\u00e1ltak. Az al\u00e1bbiakban megtekintheti ingyenesen:<\/p>\n<h4>\ud83c\udf10 \u00c9l\u0151 k\u00f6zvet\u00edt\u00e9si platformok \u00e9s csatorn\u00e1k<\/h4>\n<ul>\n<li><strong><a href=\"https:\/\/www.ewtn.com\/tv\/watch-live\">EWTN (\u00d6r\u00f6k Sz\u00f3 Telev\u00edzi\u00f3s H\u00e1l\u00f3zat)<\/a><\/strong> \u2013 Glob\u00e1lis katolikus csatorna ingyenes \u00e9l\u0151 k\u00f6zvet\u00edt\u00e9ssel.<\/li>\n<li><strong><a href=\"https:\/\/www.bbc.co.uk\/iplayer\">BBC iPlayer<\/a><\/strong> \u2013 Teljes k\u00f6r\u0171 tud\u00f3s\u00edt\u00e1ssal \u00e9s elemz\u00e9ssel sug\u00e1rozva az Egyes\u00fclt Kir\u00e1lys\u00e1gban.<\/li>\n<li><strong><a href=\"https:\/\/www.rtve.es\/play\/\">RTVE Play<\/a><\/strong> \u2013 Ny\u00edlt spanyol telev\u00edzi\u00f3 nemzetk\u00f6zi hozz\u00e1f\u00e9r\u00e9ssel.<\/li>\n<li><strong><a href=\"https:\/\/www.france24.com\/en\/live\">Franciaorsz\u00e1g 24<\/a><\/strong> \u2013 Francia m\u0171sorszolg\u00e1ltat\u00f3 t\u00f6bbnyelv\u0171 k\u00f6zvet\u00edt\u00e9ssel (francia, angol \u00e9s spanyol).<\/li>\n<li><strong><a href=\"https:\/\/www.dw.com\/pt-br\/transmissao-ao-vivo\/s-100973\">DW (Deutsche Well)<\/a><\/strong> \u2013 N\u00e9met csatorna, amely portug\u00e1lul \u00e9s m\u00e1s nyelveken is sug\u00e1roz.<\/li>\n<li><strong><a href=\"https:\/\/www.youtube.com\/@cnnbrasil\">CNN Brasil \u2013 YouTube<\/a><\/strong> \u2013 Hivatalos csatorna \u00e9l\u0151 k\u00f6zvet\u00edt\u00e9ssel \u00e9s szak\u00e9rt\u0151i komment\u00e1rral.<\/li>\n<li><strong><a href=\"https:\/\/www.paieterno.com.br\/\">\u00d6r\u00f6k Atya TV<\/a><\/strong> \u2013 Brazil katolikus csatorna ad\u00e1sa reggel 5 \u00f3r\u00e1t\u00f3l.<\/li>\n<li><strong><a href=\"https:\/\/www.youtube.com\/@VaticanNews\">Vatik\u00e1ni M\u00e9dia \u2013 YouTube<\/a><\/strong> \u2013 Hivatalos Vatik\u00e1ni k\u00f6zvet\u00edt\u00e9s exkluz\u00edv k\u00e9pekkel a mis\u00e9r\u0151l \u00e9s a temet\u00e9sr\u0151l.<\/li>\n<\/ul>\n<h4>\ud83d\udcf1 Alkalmaz\u00e1sok, amiket mobiltelefonon n\u00e9zhetsz<\/h4>\n<ul>\n<li><a href=\"https:\/\/play.google.com\/store\/apps\/details?id=com.ewtn.mobile\">EWTN alkalmaz\u00e1s \u2013 Android<\/a><\/li>\n<li><a href=\"https:\/\/play.google.com\/store\/apps\/details?id=bbc.iplayer.android\">BBC iPlayer \u2013 Android<\/a><\/li>\n<li><a href=\"https:\/\/play.google.com\/store\/apps\/details?id=com.france24.androidapp\">Franciaorsz\u00e1g 24 \u2013 Android<\/a><\/li>\n<li><a href=\"https:\/\/play.google.com\/store\/apps\/details?id=es.rtve.play\">RTVE Play \u2013 Android<\/a><\/li>\n<li><a href=\"https:\/\/play.google.com\/store\/apps\/details?id=com.idmedia.dw\">DW alkalmaz\u00e1s \u2013 Android<\/a><\/li>\n<\/ul>\n<p>Ezek az alkalmaz\u00e1sok iOS-eszk\u00f6z\u00f6kre az App Store-ban is el\u00e9rhet\u0151k.<\/p>\n<p>&nbsp;<\/p>\n<div id=\"attachment_2819\" style=\"width: 453px\" class=\"wp-caption aligncenter\"><img loading=\"lazy\" decoding=\"async\" aria-describedby=\"caption-attachment-2819\" class=\"wp-image-2819\" src=\"http:\/\/bluerabbitech.com\/wp-content\/uploads\/2025\/01\/Corpo-do-Papa-Francisco-repousa-no-caixao-na-capela-da-residencia-Santa-Marta-\u2014-Foto-Vatican-MediaDivisione-Foto-300x153.png\" alt=\"\" width=\"443\" height=\"226\" srcset=\"https:\/\/bluerabbitech.com\/wp-content\/uploads\/2025\/01\/Corpo-do-Papa-Francisco-repousa-no-caixao-na-capela-da-residencia-Santa-Marta-\u2014-Foto-Vatican-MediaDivisione-Foto-300x153.png 300w, https:\/\/bluerabbitech.com\/wp-content\/uploads\/2025\/01\/Corpo-do-Papa-Francisco-repousa-no-caixao-na-capela-da-residencia-Santa-Marta-\u2014-Foto-Vatican-MediaDivisione-Foto-768x391.png 768w, https:\/\/bluerabbitech.com\/wp-content\/uploads\/2025\/01\/Corpo-do-Papa-Francisco-repousa-no-caixao-na-capela-da-residencia-Santa-Marta-\u2014-Foto-Vatican-MediaDivisione-Foto-18x9.png 18w, https:\/\/bluerabbitech.com\/wp-content\/uploads\/2025\/01\/Corpo-do-Papa-Francisco-repousa-no-caixao-na-capela-da-residencia-Santa-Marta-\u2014-Foto-Vatican-MediaDivisione-Foto.png 864w\" sizes=\"auto, (max-width: 443px) 100vw, 443px\" \/><p id=\"caption-attachment-2819\" class=\"wp-caption-text\">Ferenc p\u00e1pa holtteste a kopors\u00f3ban nyugszik a Santa Marta-rezidencia k\u00e1poln\u00e1j\u00e1ban \u2014 Fot\u00f3: Vatican MediaDivisione Foto<\/p><\/div>\n<hr \/>\n<h3>\ud83d\udd4a\ufe0f A virraszt\u00e1s \u00e9s szertart\u00e1s r\u00e9szletei<\/h3>\n<p>A h\u00e1romnapos virraszt\u00e1s akkor kezd\u0151dik, <strong>Szerda, \u00e1prilis 23.<\/strong>, a <strong>Szent P\u00e9ter-bazilika<\/strong>, miut\u00e1n a holttestet k\u00f6rmenetben kiviszik a Casa Santa Marta-b\u00f3l. Ez id\u0151 alatt a h\u00edvek ler\u00f3hatj\u00e1k kegyelet\u00fcket.<\/p>\n<p>Szombaton a <strong>temet\u00e9si mise<\/strong> a bazilika el\u0151tti t\u00e9ren ker\u00fcl megrendez\u00e9sre, \u00e9s a szertart\u00e1ssal z\u00e1rul. <strong>\u201eV\u00e9gs\u0151 dics\u00e9ret\u201d<\/strong> \u00e9s <strong>\u201eB\u00facs\u00fa\u201d<\/strong>, ami a hagyom\u00e1nyos kezdet\u00e9t jelzi <strong>kilenc napos gy\u00e1sz (Novemdiales)<\/strong>.<\/p>\n<p>Ferenc p\u00e1p\u00e1t itt temetik el <strong>Szent M\u00e1ria Nagy Bazilika<\/strong>, R\u00f3m\u00e1ban, egy egyszer\u0171 s\u00edrboltban, k\u00edv\u00e1ns\u00e1ga szerint \u2013 ez egy al\u00e1zatos b\u00facs\u00fa, amely \u00f6sszhangban volt teljes lelkip\u00e1sztori p\u00e1lyafut\u00e1s\u00e1val.<\/p>\n<hr \/>\n<h3>\ud83d\ude4f Befejez\u00e9s: B\u00facs\u00fa \u00f6r\u00f6k h\u00e1l\u00e1val<\/h3>\n<p>Az eg\u00e9sz vil\u00e1g im\u00e1dkozik, hogy b\u00facs\u00fat vegyen egy <strong>p\u00e1ratlan spiritu\u00e1lis vezet\u0151<\/strong>Ferenc p\u00e1pa \u00f6r\u00f6ks\u00e9get hagyott maga ut\u00e1n <strong>al\u00e1zat, t\u00e1rsadalmi igazs\u00e1goss\u00e1g, irgalom \u00e9s b\u00e9ke<\/strong> \u2014 olyan \u00e9rt\u00e9kek, amelyek nemcsak a katolikusok, hanem minden vall\u00e1s\u00fa ember k\u00f6r\u00e9ben is visszhangra tal\u00e1ltak.<\/p>\n<p>A temet\u00e9st k\u00f6vet\u0151 \u00e9l\u0151 k\u00f6zvet\u00edt\u00e9s egy m\u00f3dja annak, hogy <strong>ler\u00f3ni utols\u00f3 tiszteletedet<\/strong> \u00e9s k\u00f6sz\u00f6nd meg neki mindazt, amit az \u00e9letben tett. Ne hagyd ki ezt a lehet\u0151s\u00e9get, hogy \u2013 ak\u00e1r t\u00e1volr\u00f3l is \u2013 r\u00e9szese legy\u00e9l ennek a pillanatnak. <strong>t\u00f6rt\u00e9nelmi \u00e9s spiritu\u00e1lis<\/strong>.<\/p>\n<h3><\/h3>","protected":false},"excerpt":{"rendered":"<p>Um adeus ao l\u00edder espiritual do nosso tempo O mundo se despede de Papa Francisco, um dos l\u00edderes mais carism\u00e1ticos e inspiradores da Igreja Cat\u00f3lica&#8230;.<\/p>","protected":false},"author":1,"featured_media":2821,"comment_status":"open","ping_status":"open","sticky":false,"template":"","format":"standard","meta":{"footnotes":""},"categories":[24],"tags":[1230,1229,1224,1228,1232,1227,1225,1233,1231,465,1226],"class_list":["post-2816","post","type-post","status-publish","format-standard","has-post-thumbnail","hentry","category-informacoes","tag-basilicadesaopedro","tag-despedidapontifice","tag-funeralpapafrancisco","tag-homenagemaopapa","tag-igrejacatolica","tag-missadecorpopresente","tag-papafrancisco","tag-papafranciscoeterno","tag-santamariamaior","tag-transmissaoaovivo","tag-vaticanoaovivo"],"_links":{"self":[{"href":"https:\/\/bluerabbitech.com\/hu\/wp-json\/wp\/v2\/posts\/2816","targetHints":{"allow":["GET"]}}],"collection":[{"href":"https:\/\/bluerabbitech.com\/hu\/wp-json\/wp\/v2\/posts"}],"about":[{"href":"https:\/\/bluerabbitech.com\/hu\/wp-json\/wp\/v2\/types\/post"}],"author":[{"embeddable":true,"href":"https:\/\/bluerabbitech.com\/hu\/wp-json\/wp\/v2\/users\/1"}],"replies":[{"embeddable":true,"href":"https:\/\/bluerabbitech.com\/hu\/wp-json\/wp\/v2\/comments?post=2816"}],"version-history":[{"count":5,"href":"https:\/\/bluerabbitech.com\/hu\/wp-json\/wp\/v2\/posts\/2816\/revisions"}],"predecessor-version":[{"id":2823,"href":"https:\/\/bluerabbitech.com\/hu\/wp-json\/wp\/v2\/posts\/2816\/revisions\/2823"}],"wp:featuredmedia":[{"embeddable":true,"href":"https:\/\/bluerabbitech.com\/hu\/wp-json\/wp\/v2\/media\/2821"}],"wp:attachment":[{"href":"https:\/\/bluerabbitech.com\/hu\/wp-json\/wp\/v2\/media?parent=2816"}],"wp:term":[{"taxonomy":"category","embeddable":true,"href":"https:\/\/bluerabbitech.com\/hu\/wp-json\/wp\/v2\/categories?post=2816"},{"taxonomy":"post_tag","embeddable":true,"href":"https:\/\/bluerabbitech.com\/hu\/wp-json\/wp\/v2\/tags?post=2816"}],"curies":[{"name":"wp","href":"https:\/\/api.w.org\/{rel}","templated":true}]}}