{"id":2863,"date":"2024-05-07T11:04:34","date_gmt":"2024-05-07T14:04:34","guid":{"rendered":"http:\/\/bluerabbitech.com\/?p=2863"},"modified":"2025-05-07T11:15:26","modified_gmt":"2025-05-07T14:15:26","slug":"2863-2","status":"publish","type":"post","link":"https:\/\/bluerabbitech.com\/hu\/2863-2\/","title":{"rendered":"N\u00e9zd \u00e9l\u0151ben a konkl\u00e1v\u00e9t: \u00daj p\u00e1pa 2025-ben"},"content":{"rendered":"<p>&nbsp;<\/p>\n<p><strong>\u00dajra t\u00f6rt\u00e9nelmet fognak \u00edrni.<\/strong> A felismer\u00e9ssel <strong>2025-\u00f6s konkl\u00e1v\u00e9<\/strong>, a vil\u00e1g arra ford\u00edtja tekintet\u00e9t, <strong>Vatik\u00e1n<\/strong>, ahol a <strong>a katolikus egyh\u00e1z b\u00edborosai<\/strong> tal\u00e1lkozunk <strong>Sixtus-k\u00e1polna<\/strong> megv\u00e1lasztani az \u00fajat <strong>P\u00e9ter ut\u00f3dja<\/strong>.<\/p>\n<p>Ez a hagyom\u00e1nyokkal \u00e9s spiritualit\u00e1ssal \u00e1titatott t\u00f6rt\u00e9nelmi pillanat milli\u00f3k k\u00edv\u00e1ncsis\u00e1g\u00e1t \u00e9s hit\u00e9t kelti fel vil\u00e1gszerte.<\/p>\n<p>\u00c9s a j\u00f3 h\u00edr az, hogy megteheted <strong>N\u00e9zd \u00e9l\u0151ben \u00e9s ingyen a Konkl\u00e1v\u00e9t<\/strong> egyenesen a mobiltelefonodr\u00f3l.<\/p>\n<p>Ebben a cikkben bemutatjuk <strong>hol lehet ingyen n\u00e9zni<\/strong>, <strong>Milyen megb\u00edzhat\u00f3 alkalmaz\u00e1sokat \u00e9rdemes let\u00f6lteni<\/strong> \u00e9s <strong>hogyan lehet k\u00f6vetni az \u00faj p\u00e1pa megv\u00e1laszt\u00e1s\u00e1nak minden r\u00e9szlet\u00e9t<\/strong>, val\u00f3s id\u0151ben, biztons\u00e1ggal \u00e9s min\u0151s\u00e9ggel.<\/p>\n<h3>\ud83c\udfa5 Hol lehet \u00e9l\u0151ben n\u00e9zni a 2025-\u00f6s konkl\u00e1v\u00e9t?<\/h3>\n<p>A Konkl\u00e1v\u00e9 k\u00f6zvet\u00edt\u00e9se korl\u00e1tozott, mivel z\u00e1rtk\u00f6r\u0171 esem\u00e9nyr\u0151l van sz\u00f3. Azonban lehets\u00e9ges <strong>k\u00fcl\u00f6nleges biztos\u00edt\u00e1st k\u00f6vet<\/strong>, \u00e9l\u0151 elemz\u00e9s \u00e9s a r\u00e9g\u00f3ta v\u00e1rt feh\u00e9r f\u00fcst, amely egy \u00faj p\u00e1pa megv\u00e1laszt\u00e1s\u00e1t jelzi a <strong>hivatalos platformok<\/strong> \u00e9s <strong>nemzetk\u00f6zi m\u0171sorszolg\u00e1ltat\u00f3k<\/strong>:<\/p>\n<p>&nbsp;<\/p>\n<p><iframe loading=\"lazy\" title=\"Vatik\u00e1ni M\u00e9dia \u00c9l\u0151\" width=\"726\" height=\"545\" src=\"https:\/\/www.youtube.com\/embed\/J6MqpK91bEA?feature=oembed\" frameborder=\"0\" allow=\"accelerometer; autoplay; clipboard-write; encrypted-media; gyroscope; picture-in-picture; web-share\" referrerpolicy=\"strict-origin-when-cross-origin\" allowfullscreen><\/iframe><\/p>\n<h4>\ud83d\udc49 \u00c9l\u0151 k\u00f6zvet\u00edt\u00e9s\u0171 csatorn\u00e1k<\/h4>\n<ul>\n<li><strong><a href=\"https:\/\/www.youtube.com\/@VaticanNews\">Vatik\u00e1ni H\u00edrek YouTube<\/a><\/strong> \u2014 A Vatik\u00e1n hivatalos csatorn\u00e1ja \u00e9l\u0151 k\u00f6zvet\u00edt\u00e9sekkel, komment\u00e1rral \u00e9s exkluz\u00edv k\u00e9pekkel a Szent P\u00e9ter t\u00e9rr\u0151l.<\/li>\n<li><strong><a href=\"https:\/\/www.ewtn.com\/tv\/watch-live\">EWTN (\u00d6r\u00f6k Sz\u00f3 Telev\u00edzi\u00f3s H\u00e1l\u00f3zat)<\/a><\/strong> \u2014 Katolikus csatorna val\u00f3s idej\u0171 k\u00f6zvet\u00edt\u00e9ssel \u00e9s tartalommal portug\u00e1l, spanyol \u00e9s angol nyelven.<\/li>\n<li><strong><a href=\"https:\/\/www.a12.com\/tv\">TV Aparecida<\/a><\/strong> \u2014 Orsz\u00e1gos k\u00f6zvet\u00edt\u00e9s a Vatik\u00e1nban t\u00f6rt\u00e9nt esem\u00e9nyek elemz\u00e9s\u00e9vel.<\/li>\n<li><strong><a href=\"https:\/\/www.france24.com\/en\/live\">Franciaorsz\u00e1g 24<\/a><\/strong> \u00e9s <strong><a href=\"https:\/\/www.dw.com\/pt-br\/transmissao-ao-vivo\/s-100973\">DW Deutsch<\/a><\/strong> \u2014 Nemzetk\u00f6zi csatorn\u00e1k \u00e9l\u0151 h\u00edrad\u00e1sokkal.<\/li>\n<\/ul>\n<hr \/>\n<h3>\ud83d\udcf1 Ingyenes alkalmaz\u00e1sok a konkl\u00e1v\u00e9 mobiltelefonon t\u00f6rt\u00e9n\u0151 n\u00e9z\u00e9s\u00e9hez<\/h3>\n<p>Ha k\u00f6vetni szeretn\u00e9d <strong>minden els\u0151 k\u00e9zb\u0151l, k\u00f6zvetlen\u00fcl az okostelefonodr\u00f3l<\/strong>, ezek az alkalmaz\u00e1sok ingyenes k\u00f6zvet\u00edt\u00e9seket, val\u00f3s idej\u0171 \u00e9rtes\u00edt\u00e9seket \u00e9s k\u00fcl\u00f6nleges programokat k\u00edn\u00e1lnak:<\/p>\n<h4>\ud83d\udee0\ufe0f Androidra aj\u00e1nlott:<\/h4>\n<ul>\n<li><a href=\"https:\/\/play.google.com\/store\/apps\/details?id=va.vatican.va.vaticannews\">Vatik\u00e1ni H\u00edrek App<\/a><\/li>\n<li><a href=\"https:\/\/play.google.com\/store\/apps\/details?id=com.ewtn.mobile\">EWTN alkalmaz\u00e1s<\/a><\/li>\n<li><a href=\"https:\/\/play.google.com\/store\/apps\/details?id=com.france24.androidapp\">Franciaorsz\u00e1g 24<\/a><\/li>\n<li><a href=\"https:\/\/play.google.com\/store\/apps\/details?id=com.idmedia.dw\">DW alkalmaz\u00e1s<\/a><\/li>\n<\/ul>\n<h4>\ud83c\udf10 iPhone-ra is el\u00e9rhet\u0151 az App Store-ban.<\/h4>\n<p>Ezek az alkalmaz\u00e1sok <strong>biztons\u00e1gos, ingyenes \u00e9s megb\u00edzhat\u00f3<\/strong>, val vel <strong>felhaszn\u00e1l\u00f3bar\u00e1t fel\u00fclet<\/strong> \u00e9s <strong>kiv\u00e1l\u00f3 min\u0151s\u00e9g\u0171 ad\u00e1sok<\/strong>.<\/p>\n<hr \/>\n<h3>\u26ea Mi\u00e9rt olyan fontos a konkl\u00e1v\u00e9 k\u00f6vet\u00e9se?<\/h3>\n<p>O <strong>A konkl\u00e1v\u00e9 a katolikus egyh\u00e1z mozg\u00e1sban l\u00e9v\u0151 sz\u00edve<\/strong>Az \u00faj p\u00e1pa megv\u00e1laszt\u00e1sa mellett ez az esem\u00e9ny \u00e9vsz\u00e1zadokon \u00e1t\u00edvel\u0151 szimbolik\u00e1t \u00e9s szertart\u00e1sokat hordoz. Egyed\u00fcl\u00e1ll\u00f3 lehet\u0151s\u00e9g arra, hogy tan\u00fai legy\u00fcnk egy\u2026 <strong>t\u00f6rt\u00e9nelmi \u00e9s spiritu\u00e1lis folyamat<\/strong> ami nemcsak h\u00edv\u0151k milli\u00f3ira van hat\u00e1ssal, hanem az eg\u00e9sz t\u00e1rsadalomra is.<\/p>\n<p><strong>SEO rangsorol\u00e1shoz sz\u00fcks\u00e9ges kulcsszavak:<\/strong><\/p>\n<ul>\n<li><strong>Konkl\u00e1v\u00e9 \u00c9l\u0151ben 2025<\/strong><\/li>\n<li><strong>Hogyan n\u00e9zheted a konkl\u00e1v\u00e9t a mobilodon?<\/strong><\/li>\n<li><strong>Ingyenes alkalmaz\u00e1s az \u00faj p\u00e1pa megtekint\u00e9s\u00e9hez<\/strong><\/li>\n<li><strong>A p\u00e1pav\u00e1laszt\u00e1s k\u00f6zvet\u00edt\u00e9se<\/strong><\/li>\n<li><strong>Vatik\u00e1ni H\u00edrek \u00e9l\u0151ben<\/strong><\/li>\n<\/ul>\n<hr \/>\n<h3>\u2705 Konkl\u00fazi\u00f3: T\u00f6ltsd le \u00e9s n\u00e9zd meg most!<\/h3>\n<p>A mai technol\u00f3gia lehet\u0151v\u00e9 teszi sz\u00e1munkra, hogy <strong>a Vatik\u00e1nhoz legk\u00f6zelebb es\u0151<\/strong>, ak\u00e1r kilom\u00e9terekr\u0151l is. A let\u00f6lt\u00e9ssel <strong>helyes alkalmaz\u00e1sok<\/strong> \u00e9s k\u00f6vesse a <strong>hivatalos csatorn\u00e1k<\/strong>, \u00d6n garant\u00e1lja az inform\u00e1ci\u00f3khoz val\u00f3 hozz\u00e1f\u00e9r\u00e9st <strong>val\u00f3s id\u0151ben, ingyenesen \u00e9s biztons\u00e1gosan<\/strong>.<\/p>\n<p><strong>Ne hagyja ki ezt a t\u00f6rt\u00e9nelmi pillanatot.<\/strong> K\u00f6vesd \u00e9l\u0151ben a Vatik\u00e1nb\u00f3l az \u00faj p\u00e1pa megv\u00e1laszt\u00e1s\u00e1t. Ingyenes, spiritu\u00e1lis \u00e9s glob\u00e1lis.<\/p>\n<p>&nbsp;<\/p>","protected":false},"excerpt":{"rendered":"<p>&nbsp; Ism\u00e9t t\u00f6rt\u00e9nelmet \u00edrnak. A 2025-\u00f6s konkl\u00e1v\u00e9val a vil\u00e1g a Vatik\u00e1nra ford\u00edtja tekintet\u00e9t,\u2026<\/p>","protected":false},"author":1,"featured_media":2868,"comment_status":"open","ping_status":"open","sticky":false,"template":"","format":"standard","meta":{"footnotes":""},"categories":[24],"tags":[832,1268,1273,1269,1270,1272,1274,1032,1271,1226],"class_list":["post-2863","post","type-post","status-publish","format-standard","has-post-thumbnail","hentry","category-informacoes","tag-aplicativogratuito","tag-conclaveaovivo","tag-conclavegratis","tag-eleicaodopapa","tag-papa2025","tag-papaaovivo","tag-santasede","tag-transmissaogratuita","tag-vaticannews","tag-vaticanoaovivo"],"_links":{"self":[{"href":"https:\/\/bluerabbitech.com\/hu\/wp-json\/wp\/v2\/posts\/2863","targetHints":{"allow":["GET"]}}],"collection":[{"href":"https:\/\/bluerabbitech.com\/hu\/wp-json\/wp\/v2\/posts"}],"about":[{"href":"https:\/\/bluerabbitech.com\/hu\/wp-json\/wp\/v2\/types\/post"}],"author":[{"embeddable":true,"href":"https:\/\/bluerabbitech.com\/hu\/wp-json\/wp\/v2\/users\/1"}],"replies":[{"embeddable":true,"href":"https:\/\/bluerabbitech.com\/hu\/wp-json\/wp\/v2\/comments?post=2863"}],"version-history":[{"count":4,"href":"https:\/\/bluerabbitech.com\/hu\/wp-json\/wp\/v2\/posts\/2863\/revisions"}],"predecessor-version":[{"id":2867,"href":"https:\/\/bluerabbitech.com\/hu\/wp-json\/wp\/v2\/posts\/2863\/revisions\/2867"}],"wp:featuredmedia":[{"embeddable":true,"href":"https:\/\/bluerabbitech.com\/hu\/wp-json\/wp\/v2\/media\/2868"}],"wp:attachment":[{"href":"https:\/\/bluerabbitech.com\/hu\/wp-json\/wp\/v2\/media?parent=2863"}],"wp:term":[{"taxonomy":"category","embeddable":true,"href":"https:\/\/bluerabbitech.com\/hu\/wp-json\/wp\/v2\/categories?post=2863"},{"taxonomy":"post_tag","embeddable":true,"href":"https:\/\/bluerabbitech.com\/hu\/wp-json\/wp\/v2\/tags?post=2863"}],"curies":[{"name":"wp","href":"https:\/\/api.w.org\/{rel}","templated":true}]}}