{"id":2816,"date":"2024-01-22T22:11:13","date_gmt":"2024-01-23T01:11:13","guid":{"rendered":"http:\/\/bluerabbitech.com\/?p=2816"},"modified":"2025-04-22T22:16:36","modified_gmt":"2025-04-23T01:16:36","slug":"2816-2","status":"publish","type":"post","link":"https:\/\/bluerabbitech.com\/it\/2816-2\/","title":{"rendered":"Papa Francesco: come seguire la messa in diretta gratis"},"content":{"rendered":"<p><strong>Un addio al leader spirituale del nostro tempo<\/strong><\/p>\n<p>Il mondo dice addio a <strong>Papa Francesco<\/strong>, uno dei leader pi\u00f9 carismatici e ispiratori della Chiesa cattolica.<\/p>\n<p>Dopo la sua morte, confermata luned\u00ec mattina (21), all&#039;et\u00e0 di 88 anni, vittima di un ictus seguito da un arresto cardiaco, la Santa Sede ha reso noti i dettagli dei funerali ufficiali che si terranno <strong>questo sabato 26 aprile 2025, alle ore 10:00<\/strong>\u00a0nel <strong>Piazza San Pietro<\/strong>, in Vaticano.<\/p>\n<p>In questo articolo troverai <strong>app gratuite<\/strong>, <strong>Piattaforme TV e streaming<\/strong> E <strong>link attendibili<\/strong> per assistere alla cerimonia <strong>vivere<\/strong> \u2014 da qualsiasi parte del mondo. Un&#039;occasione per rendere l&#039;ultimo omaggio a un Papa che ha segnato la storia con la sua semplicit\u00e0, la sua compassione e il suo impegno verso i pi\u00f9 poveri.<\/p>\n<hr \/>\n<h3>\ud83d\udcf2 Dove guardare in diretta il funerale di Papa Francesco<\/h3>\n<p>La messa sar\u00e0 presieduta da <strong>Cardinale Giovanni Battista Re<\/strong>, Decano del Collegio Cardinalizio, e concelebrata dal clero proveniente da tutto il mondo. Ecco dove guardarlo gratuitamente:<\/p>\n<h4>\ud83c\udf10 Piattaforme e canali di streaming live<\/h4>\n<ul>\n<li><strong><a href=\"https:\/\/www.ewtn.com\/tv\/watch-live\">EWTN (Eternal Word Television Network)<\/a><\/strong> \u2013 Canale cattolico mondiale con trasmissione gratuita e in tempo reale.<\/li>\n<li><strong><a href=\"https:\/\/www.bbc.co.uk\/iplayer\">BBC iPlayer<\/a><\/strong> \u2013 Trasmesso nel Regno Unito con copertura e analisi complete.<\/li>\n<li><strong><a href=\"https:\/\/www.rtve.es\/play\/\">RTVE Play<\/a><\/strong> \u2013 Televisione spagnola aperta con accesso internazionale.<\/li>\n<li><strong><a href=\"https:\/\/www.france24.com\/en\/live\">Francia 24<\/a><\/strong> \u2013 Emittente francese con copertura multilingue (francese, inglese e spagnolo).<\/li>\n<li><strong><a href=\"https:\/\/www.dw.com\/pt-br\/transmissao-ao-vivo\/s-100973\">DW (Deutsche Welle)<\/a><\/strong> \u2013 Canale tedesco che trasmette in portoghese e altre lingue.<\/li>\n<li><strong><a href=\"https:\/\/www.youtube.com\/@cnnbrasil\">CNN Brasile \u2013 YouTube<\/a><\/strong> \u2013 Canale ufficiale con copertura in diretta e commenti di esperti.<\/li>\n<li><strong><a href=\"https:\/\/www.paieterno.com.br\/\">Padre Eterno TV<\/a><\/strong> \u2013 Canale cattolico brasiliano in onda dalle 5 del mattino.<\/li>\n<li><strong><a href=\"https:\/\/www.youtube.com\/@VaticanNews\">Vatican Media \u2013 YouTube<\/a><\/strong> \u2013 Trasmissione ufficiale del Vaticano con immagini esclusive della messa e della sepoltura.<\/li>\n<\/ul>\n<h4>\ud83d\udcf1 App da guardare sul tuo cellulare<\/h4>\n<ul>\n<li><a href=\"https:\/\/play.google.com\/store\/apps\/details?id=com.ewtn.mobile\">App EWTN \u2013 Android<\/a><\/li>\n<li><a href=\"https:\/\/play.google.com\/store\/apps\/details?id=bbc.iplayer.android\">BBC iPlayer \u2013 Android<\/a><\/li>\n<li><a href=\"https:\/\/play.google.com\/store\/apps\/details?id=com.france24.androidapp\">Francia 24 \u2013 Android<\/a><\/li>\n<li><a href=\"https:\/\/play.google.com\/store\/apps\/details?id=es.rtve.play\">RTVE Play \u2013 Android<\/a><\/li>\n<li><a href=\"https:\/\/play.google.com\/store\/apps\/details?id=com.idmedia.dw\">App DW \u2013 Android<\/a><\/li>\n<\/ul>\n<p>Queste app sono disponibili anche sull&#039;App Store per dispositivi iOS.<\/p>\n<p>&nbsp;<\/p>\n<div id=\"attachment_2819\" style=\"width: 453px\" class=\"wp-caption aligncenter\"><img loading=\"lazy\" decoding=\"async\" aria-describedby=\"caption-attachment-2819\" class=\"wp-image-2819\" src=\"http:\/\/bluerabbitech.com\/wp-content\/uploads\/2025\/01\/Corpo-do-Papa-Francisco-repousa-no-caixao-na-capela-da-residencia-Santa-Marta-\u2014-Foto-Vatican-MediaDivisione-Foto-300x153.png\" alt=\"\" width=\"443\" height=\"226\" srcset=\"https:\/\/bluerabbitech.com\/wp-content\/uploads\/2025\/01\/Corpo-do-Papa-Francisco-repousa-no-caixao-na-capela-da-residencia-Santa-Marta-\u2014-Foto-Vatican-MediaDivisione-Foto-300x153.png 300w, https:\/\/bluerabbitech.com\/wp-content\/uploads\/2025\/01\/Corpo-do-Papa-Francisco-repousa-no-caixao-na-capela-da-residencia-Santa-Marta-\u2014-Foto-Vatican-MediaDivisione-Foto-768x391.png 768w, https:\/\/bluerabbitech.com\/wp-content\/uploads\/2025\/01\/Corpo-do-Papa-Francisco-repousa-no-caixao-na-capela-da-residencia-Santa-Marta-\u2014-Foto-Vatican-MediaDivisione-Foto-18x9.png 18w, https:\/\/bluerabbitech.com\/wp-content\/uploads\/2025\/01\/Corpo-do-Papa-Francisco-repousa-no-caixao-na-capela-da-residencia-Santa-Marta-\u2014-Foto-Vatican-MediaDivisione-Foto.png 864w\" sizes=\"auto, (max-width: 443px) 100vw, 443px\" \/><p id=\"caption-attachment-2819\" class=\"wp-caption-text\">La salma di Papa Francesco riposa nella bara nella cappella della residenza Santa Marta \u2014 Foto Vatican MediaDivisione Foto<\/p><\/div>\n<hr \/>\n<h3>\ud83d\udd4a\ufe0f Dettagli della veglia e della cerimonia<\/h3>\n<p>La veglia funebre di tre giorni inizier\u00e0 alle <strong>Mercoled\u00ec 23 aprile<\/strong>, In <strong>Basilica di San Pietro<\/strong>, dopo che la salma \u00e8 stata portata in processione da Casa Santa Marta. Durante questo periodo i fedeli potranno rendere omaggio.<\/p>\n<p>Sabato, il <strong>massa corporea<\/strong> si terr\u00e0 nel piazzale antistante la basilica e si concluder\u00e0 con i riti della <strong>\u201cUltima Encomio\u201d<\/strong> E <strong>\u201cValedazione\u201d<\/strong>, segnando l&#039;inizio della tradizione <strong>nove giorni di lutto (Novemdiales)<\/strong>.<\/p>\n<p>Papa Francesco sar\u00e0 sepolto a <strong>Basilica di Santa Maria Maggiore<\/strong>, a Roma, in una tomba semplice, secondo il suo desiderio: un umile addio coerente con tutto il suo percorso pastorale.<\/p>\n<hr \/>\n<h3>\ud83d\ude4f Conclusione: un addio con eterna gratitudine<\/h3>\n<p>Il mondo intero si unisce in preghiera per dare l&#039;addio a un <strong>leader spirituale senza pari<\/strong>. Papa Francesco lascia un&#039;eredit\u00e0 di <strong>umilt\u00e0, giustizia sociale, misericordia e pace<\/strong> \u2014valori che trovavano riscontro non solo tra i cattolici, ma tra le persone di tutte le fedi.<\/p>\n<p>Seguire il funerale in diretta \u00e8 un modo per <strong>porgere l&#039;ultimo saluto<\/strong> e ringraziarlo per tutto quello che ha fatto nella vita. Non perdere l&#039;occasione di partecipare, anche a distanza, a questo momento. <strong>storico e spirituale<\/strong>.<\/p>\n<h3><\/h3>","protected":false},"excerpt":{"rendered":"<p>Um adeus ao l\u00edder espiritual do nosso tempo O mundo se despede de Papa Francisco, um dos l\u00edderes mais carism\u00e1ticos e inspiradores da Igreja Cat\u00f3lica&#8230;.<\/p>","protected":false},"author":1,"featured_media":2821,"comment_status":"open","ping_status":"open","sticky":false,"template":"","format":"standard","meta":{"footnotes":""},"categories":[24],"tags":[1230,1229,1224,1228,1232,1227,1225,1233,1231,465,1226],"class_list":["post-2816","post","type-post","status-publish","format-standard","has-post-thumbnail","hentry","category-informacoes","tag-basilicadesaopedro","tag-despedidapontifice","tag-funeralpapafrancisco","tag-homenagemaopapa","tag-igrejacatolica","tag-missadecorpopresente","tag-papafrancisco","tag-papafranciscoeterno","tag-santamariamaior","tag-transmissaoaovivo","tag-vaticanoaovivo"],"_links":{"self":[{"href":"https:\/\/bluerabbitech.com\/it\/wp-json\/wp\/v2\/posts\/2816","targetHints":{"allow":["GET"]}}],"collection":[{"href":"https:\/\/bluerabbitech.com\/it\/wp-json\/wp\/v2\/posts"}],"about":[{"href":"https:\/\/bluerabbitech.com\/it\/wp-json\/wp\/v2\/types\/post"}],"author":[{"embeddable":true,"href":"https:\/\/bluerabbitech.com\/it\/wp-json\/wp\/v2\/users\/1"}],"replies":[{"embeddable":true,"href":"https:\/\/bluerabbitech.com\/it\/wp-json\/wp\/v2\/comments?post=2816"}],"version-history":[{"count":5,"href":"https:\/\/bluerabbitech.com\/it\/wp-json\/wp\/v2\/posts\/2816\/revisions"}],"predecessor-version":[{"id":2823,"href":"https:\/\/bluerabbitech.com\/it\/wp-json\/wp\/v2\/posts\/2816\/revisions\/2823"}],"wp:featuredmedia":[{"embeddable":true,"href":"https:\/\/bluerabbitech.com\/it\/wp-json\/wp\/v2\/media\/2821"}],"wp:attachment":[{"href":"https:\/\/bluerabbitech.com\/it\/wp-json\/wp\/v2\/media?parent=2816"}],"wp:term":[{"taxonomy":"category","embeddable":true,"href":"https:\/\/bluerabbitech.com\/it\/wp-json\/wp\/v2\/categories?post=2816"},{"taxonomy":"post_tag","embeddable":true,"href":"https:\/\/bluerabbitech.com\/it\/wp-json\/wp\/v2\/tags?post=2816"}],"curies":[{"name":"wp","href":"https:\/\/api.w.org\/{rel}","templated":true}]}}