{"id":2816,"date":"2024-01-22T22:11:13","date_gmt":"2024-01-23T01:11:13","guid":{"rendered":"http:\/\/bluerabbitech.com\/?p=2816"},"modified":"2025-04-22T22:16:36","modified_gmt":"2025-04-23T01:16:36","slug":"2816-2","status":"publish","type":"post","link":"https:\/\/bluerabbitech.com\/pl\/2816-2\/","title":{"rendered":"Papie\u017c Franciszek: Jak ogl\u0105da\u0107 msz\u0119 na \u017cywo za darmo"},"content":{"rendered":"<p><strong>Po\u017cegnanie duchowego przyw\u00f3dcy naszych czas\u00f3w<\/strong><\/p>\n<p>\u015awiat \u017cegna si\u0119 z <strong>Papie\u017c Franciszek<\/strong>, jeden z najbardziej charyzmatycznych i inspiruj\u0105cych przyw\u00f3dc\u00f3w Ko\u015bcio\u0142a katolickiego.<\/p>\n<p>Po jego \u015bmierci, potwierdzonej w poniedzia\u0142kowy poranek (21), w wieku 88 lat, w wyniku udaru m\u00f3zgu i niewydolno\u015bci serca, Stolica Apostolska og\u0142osi\u0142a szczeg\u00f3\u0142y oficjalnego pogrzebu, kt\u00f3ry odb\u0119dzie si\u0119 <strong>w t\u0119 sobot\u0119, 26 kwietnia 2025 r. o godz. 10:00<\/strong>\u00a0w <strong>Plac \u015awi\u0119tego Piotra<\/strong>, w Watykanie.<\/p>\n<p>W tym artykule znajdziesz <strong>darmowe aplikacje<\/strong>, <strong>Platformy telewizyjne i streamingowe<\/strong> To jest <strong>zaufane linki<\/strong> ogl\u0105da\u0107 ceremoni\u0119 <strong>na \u017cywo<\/strong> \u2014 z dowolnego miejsca na \u015bwiecie. Okazja, by odda\u0107 ho\u0142d Papie\u017cowi, kt\u00f3ry zapisa\u0142 si\u0119 w historii swoj\u0105 prostot\u0105, wsp\u00f3\u0142czuciem i zaanga\u017cowaniem na rzecz najubo\u017cszych.<\/p>\n<hr \/>\n<h3>\ud83d\udcf2 Gdzie obejrze\u0107 na \u017cywo pogrzeb papie\u017ca Franciszka<\/h3>\n<p>Mszy przewodniczy\u0107 b\u0119dzie: <strong>Kardyna\u0142 Giovanni Battista Re<\/strong>, dziekana Kolegium Kardynalskiego, a koncelebrowali duchowni z ca\u0142ego \u015bwiata. Zobacz poni\u017cej, gdzie mo\u017cesz obejrze\u0107 za darmo:<\/p>\n<h4>\ud83c\udf10 Platformy i kana\u0142y do transmisji na \u017cywo<\/h4>\n<ul>\n<li><strong><a href=\"https:\/\/www.ewtn.com\/tv\/watch-live\">EWTN (Sie\u0107 Telewizyjna Wiecznego \u015awiata)<\/a><\/strong> \u2013 Globalny kana\u0142 katolicki z bezp\u0142atn\u0105 transmisj\u0105 w czasie rzeczywistym.<\/li>\n<li><strong><a href=\"https:\/\/www.bbc.co.uk\/iplayer\">BBC iPlayer<\/a><\/strong> \u2013 Nadawanie w Wielkiej Brytanii z pe\u0142nym pokryciem i analiz\u0105.<\/li>\n<li><strong><a href=\"https:\/\/www.rtve.es\/play\/\">Odtwarzanie RTVE<\/a><\/strong> \u2013 Otwarta hiszpa\u0144ska telewizja z dost\u0119pem do kana\u0142\u00f3w mi\u0119dzynarodowych.<\/li>\n<li><strong><a href=\"https:\/\/www.france24.com\/en\/live\">Francja 24<\/a><\/strong> \u2013 nadawca francuski, nadaj\u0105cy programy w wielu j\u0119zykach (francuski, angielski i hiszpa\u0144ski).<\/li>\n<li><strong><a href=\"https:\/\/www.dw.com\/pt-br\/transmissao-ao-vivo\/s-100973\">DW (Niemiecka Stacja Radiowa)<\/a><\/strong> \u2013 kana\u0142 niemiecki nadaj\u0105cy w j\u0119zyku portugalskim i innych j\u0119zykach.<\/li>\n<li><strong><a href=\"https:\/\/www.youtube.com\/@cnnbrasil\">CNN Brazylia \u2013 YouTube<\/a><\/strong> \u2013 Oficjalny kana\u0142 z relacjami na \u017cywo i komentarzami ekspert\u00f3w.<\/li>\n<li><strong><a href=\"https:\/\/www.paieterno.com.br\/\">Telewizja Ojca Wiecznego<\/a><\/strong> \u2013 Brazylijski kana\u0142 katolicki nadaj\u0105cy od godz. 5 rano.<\/li>\n<li><strong><a href=\"https:\/\/www.youtube.com\/@VaticanNews\">Media watyka\u0144skie \u2013 YouTube<\/a><\/strong> \u2013 Oficjalna transmisja Watykanu z ekskluzywnymi zdj\u0119ciami mszy i poch\u00f3wku.<\/li>\n<\/ul>\n<h4>\ud83d\udcf1 Aplikacje do ogl\u0105dania na telefonie kom\u00f3rkowym<\/h4>\n<ul>\n<li><a href=\"https:\/\/play.google.com\/store\/apps\/details?id=com.ewtn.mobile\">Aplikacja EWTN \u2013 Android<\/a><\/li>\n<li><a href=\"https:\/\/play.google.com\/store\/apps\/details?id=bbc.iplayer.android\">BBC iPlayer \u2013 Android<\/a><\/li>\n<li><a href=\"https:\/\/play.google.com\/store\/apps\/details?id=com.france24.androidapp\">Francja 24 \u2013 Android<\/a><\/li>\n<li><a href=\"https:\/\/play.google.com\/store\/apps\/details?id=es.rtve.play\">RTVE Play \u2013 Android<\/a><\/li>\n<li><a href=\"https:\/\/play.google.com\/store\/apps\/details?id=com.idmedia.dw\">Aplikacja DW \u2013 Android<\/a><\/li>\n<\/ul>\n<p>Te aplikacje s\u0105 r\u00f3wnie\u017c dost\u0119pne w App Store dla urz\u0105dze\u0144 z systemem iOS.<\/p>\n<p>&nbsp;<\/p>\n<div id=\"attachment_2819\" style=\"width: 453px\" class=\"wp-caption aligncenter\"><img loading=\"lazy\" decoding=\"async\" aria-describedby=\"caption-attachment-2819\" class=\"wp-image-2819\" src=\"http:\/\/bluerabbitech.com\/wp-content\/uploads\/2025\/01\/Corpo-do-Papa-Francisco-repousa-no-caixao-na-capela-da-residencia-Santa-Marta-\u2014-Foto-Vatican-MediaDivisione-Foto-300x153.png\" alt=\"\" width=\"443\" height=\"226\" srcset=\"https:\/\/bluerabbitech.com\/wp-content\/uploads\/2025\/01\/Corpo-do-Papa-Francisco-repousa-no-caixao-na-capela-da-residencia-Santa-Marta-\u2014-Foto-Vatican-MediaDivisione-Foto-300x153.png 300w, https:\/\/bluerabbitech.com\/wp-content\/uploads\/2025\/01\/Corpo-do-Papa-Francisco-repousa-no-caixao-na-capela-da-residencia-Santa-Marta-\u2014-Foto-Vatican-MediaDivisione-Foto-768x391.png 768w, https:\/\/bluerabbitech.com\/wp-content\/uploads\/2025\/01\/Corpo-do-Papa-Francisco-repousa-no-caixao-na-capela-da-residencia-Santa-Marta-\u2014-Foto-Vatican-MediaDivisione-Foto-18x9.png 18w, https:\/\/bluerabbitech.com\/wp-content\/uploads\/2025\/01\/Corpo-do-Papa-Francisco-repousa-no-caixao-na-capela-da-residencia-Santa-Marta-\u2014-Foto-Vatican-MediaDivisione-Foto.png 864w\" sizes=\"auto, (max-width: 443px) 100vw, 443px\" \/><p id=\"caption-attachment-2819\" class=\"wp-caption-text\">Cia\u0142o papie\u017ca Franciszka le\u017cy w trumnie w kaplicy rezydencji Santa Marta \u2014 Zdj\u0119cie Vatican MediaDivisione Photo<\/p><\/div>\n<hr \/>\n<h3>\ud83d\udd4a\ufe0f Szczeg\u00f3\u0142y dotycz\u0105ce czuwania i ceremonii<\/h3>\n<p>Trzydniowe czuwanie rozpocznie si\u0119 o godz. <strong>\u015aroda, 23 kwietnia<\/strong>, W <strong>Bazylika \u015bw. Piotra<\/strong>, po tym jak cia\u0142o zosta\u0142o wyniesione w procesji z Domu \u015awi\u0119tej Marty. W tym czasie wierni b\u0119d\u0105 mogli odda\u0107 ho\u0142d zmar\u0142emu.<\/p>\n<p>W sobot\u0119 <strong>masa cia\u0142a<\/strong> odb\u0119dzie si\u0119 na placu przed bazylik\u0105 i zako\u0144czy si\u0119 obrz\u0119dami <strong>\u201eOstatnie wyr\u00f3\u017cnienie\u201d<\/strong> To jest <strong>\u201ePo\u017cegnanie\u201d<\/strong>, co oznacza pocz\u0105tek tradycyjnego <strong>dziewi\u0119\u0107 dni \u017ca\u0142oby (Novemdiales)<\/strong>.<\/p>\n<p>Papie\u017c Franciszek zostanie pochowany w <strong>Bazylika Santa Maria Maggiore<\/strong>, w Rzymie, w prostym grobowcu, zgodnie z jego \u017cyczeniem \u2014 skromne po\u017cegnanie, sp\u00f3jne z ca\u0142\u0105 jego pastersk\u0105 trajektori\u0105.<\/p>\n<hr \/>\n<h3>\ud83d\ude4f Wnioski: Po\u017cegnanie z wieczn\u0105 wdzi\u0119czno\u015bci\u0105<\/h3>\n<p>Ca\u0142y \u015bwiat \u0142\u0105czy si\u0119 w modlitwie, aby po\u017cegna\u0107 <strong>niezr\u00f3wnany przyw\u00f3dca duchowy<\/strong>. Papie\u017c Franciszek pozostawia po sobie spu\u015bcizn\u0119 <strong>pokora, sprawiedliwo\u015b\u0107 spo\u0142eczna, mi\u0142osierdzie i pok\u00f3j<\/strong> \u2014warto\u015bci, kt\u00f3re znajdowa\u0142y odd\u017awi\u0119k nie tylko w\u015br\u00f3d katolik\u00f3w, ale w\u015br\u00f3d ludzi wszystkich wyzna\u0144.<\/p>\n<p>Mo\u017cliwo\u015b\u0107 \u015bledzenia pogrzebu na \u017cywo to spos\u00f3b na <strong>oddaj ostatni ho\u0142d<\/strong> i podzi\u0119kowa\u0107 mu za wszystko, co zrobi\u0142 w \u017cyciu. Nie przegap tej okazji, by uczestniczy\u0107, nawet na odleg\u0142o\u015b\u0107, w tym momencie. <strong>historyczne i duchowe<\/strong>.<\/p>\n<h3><\/h3>","protected":false},"excerpt":{"rendered":"<p>Um adeus ao l\u00edder espiritual do nosso tempo O mundo se despede de Papa Francisco, um dos l\u00edderes mais carism\u00e1ticos e inspiradores da Igreja Cat\u00f3lica&#8230;.<\/p>","protected":false},"author":1,"featured_media":2821,"comment_status":"open","ping_status":"open","sticky":false,"template":"","format":"standard","meta":{"footnotes":""},"categories":[24],"tags":[1230,1229,1224,1228,1232,1227,1225,1233,1231,465,1226],"class_list":["post-2816","post","type-post","status-publish","format-standard","has-post-thumbnail","hentry","category-informacoes","tag-basilicadesaopedro","tag-despedidapontifice","tag-funeralpapafrancisco","tag-homenagemaopapa","tag-igrejacatolica","tag-missadecorpopresente","tag-papafrancisco","tag-papafranciscoeterno","tag-santamariamaior","tag-transmissaoaovivo","tag-vaticanoaovivo"],"_links":{"self":[{"href":"https:\/\/bluerabbitech.com\/pl\/wp-json\/wp\/v2\/posts\/2816","targetHints":{"allow":["GET"]}}],"collection":[{"href":"https:\/\/bluerabbitech.com\/pl\/wp-json\/wp\/v2\/posts"}],"about":[{"href":"https:\/\/bluerabbitech.com\/pl\/wp-json\/wp\/v2\/types\/post"}],"author":[{"embeddable":true,"href":"https:\/\/bluerabbitech.com\/pl\/wp-json\/wp\/v2\/users\/1"}],"replies":[{"embeddable":true,"href":"https:\/\/bluerabbitech.com\/pl\/wp-json\/wp\/v2\/comments?post=2816"}],"version-history":[{"count":5,"href":"https:\/\/bluerabbitech.com\/pl\/wp-json\/wp\/v2\/posts\/2816\/revisions"}],"predecessor-version":[{"id":2823,"href":"https:\/\/bluerabbitech.com\/pl\/wp-json\/wp\/v2\/posts\/2816\/revisions\/2823"}],"wp:featuredmedia":[{"embeddable":true,"href":"https:\/\/bluerabbitech.com\/pl\/wp-json\/wp\/v2\/media\/2821"}],"wp:attachment":[{"href":"https:\/\/bluerabbitech.com\/pl\/wp-json\/wp\/v2\/media?parent=2816"}],"wp:term":[{"taxonomy":"category","embeddable":true,"href":"https:\/\/bluerabbitech.com\/pl\/wp-json\/wp\/v2\/categories?post=2816"},{"taxonomy":"post_tag","embeddable":true,"href":"https:\/\/bluerabbitech.com\/pl\/wp-json\/wp\/v2\/tags?post=2816"}],"curies":[{"name":"wp","href":"https:\/\/api.w.org\/{rel}","templated":true}]}}