{"id":2816,"date":"2024-01-22T22:11:13","date_gmt":"2024-01-23T01:11:13","guid":{"rendered":"http:\/\/bluerabbitech.com\/?p=2816"},"modified":"2025-04-22T22:16:36","modified_gmt":"2025-04-23T01:16:36","slug":"2816-2","status":"publish","type":"post","link":"https:\/\/bluerabbitech.com\/tr\/2816-2\/","title":{"rendered":"Papa Francis: Ayini \u00dccretsiz Olarak Canl\u0131 Nas\u0131l \u0130zleyebilirsiniz?"},"content":{"rendered":"<p><strong>Zaman\u0131m\u0131z\u0131n manevi liderine veda<\/strong><\/p>\n<p>D\u00fcnya veda ediyor <strong>Papa Francis<\/strong>Katolik Kilisesi&#039;nin en karizmatik ve ilham verici liderlerinden biri.<\/p>\n<p>Pazartesi sabah\u0131 (21) 88 ya\u015f\u0131nda, fel\u00e7 ve ard\u0131ndan kalp yetmezli\u011fi sonucu hayat\u0131n\u0131 kaybetti\u011fi do\u011frulanan vefat\u0131n\u0131n ard\u0131ndan, Vatikan, yap\u0131lacak resmi cenaze t\u00f6reninin ayr\u0131nt\u0131lar\u0131n\u0131 duyurdu. <strong>bu Cumartesi, 26 Nisan 2025, saat 10:00&#039;da<\/strong>\u00a0i\u00e7inde <strong>Aziz Petrus Meydan\u0131<\/strong>, Vatikan&#039;da.<\/p>\n<p>Bu makalede \u015funlar\u0131 bulacaks\u0131n\u0131z: <strong>\u00fccretsiz uygulamalar<\/strong>, <strong>TV ve yay\u0131n platformlar\u0131<\/strong> Bu <strong>g\u00fcvenilir ba\u011flant\u0131lar<\/strong> t\u00f6reni izlemek i\u00e7in <strong>canl\u0131<\/strong> \u2014D\u00fcnyan\u0131n herhangi bir yerinden. Sadeli\u011fi, \u015fefkati ve en yoksullara olan ba\u011fl\u0131l\u0131\u011f\u0131yla tarihe damga vuran bir Papa&#039;ya son sayg\u0131lar\u0131m\u0131z\u0131 sunma f\u0131rsat\u0131.<\/p>\n<hr \/>\n<h3>\ud83d\udcf2 Papa Francis&#039;in Cenazesini Canl\u0131 Olarak Nereden \u0130zleyebilirsiniz?<\/h3>\n<p>Kitleye ba\u015fkanl\u0131k edecek ki\u015fi: <strong>Kardinal Giovanni Battista Re<\/strong>Kardinaller Koleji Dekan\u0131&#039;n\u0131n ev sahipli\u011fi yapt\u0131\u011f\u0131 ve d\u00fcnyan\u0131n d\u00f6rt bir yan\u0131ndan din adamlar\u0131n\u0131n kat\u0131ld\u0131\u011f\u0131 bir t\u00f6ren. \u00dccretsiz olarak nereden izleyebilece\u011finizi a\u015fa\u011f\u0131da g\u00f6rebilirsiniz:<\/p>\n<h4>\ud83c\udf10 Canl\u0131 Yay\u0131n Platformlar\u0131 ve Kanallar\u0131<\/h4>\n<ul>\n<li><strong><a href=\"https:\/\/www.ewtn.com\/tv\/watch-live\">EWTN (Ebedi Kelime Televizyon A\u011f\u0131)<\/a><\/strong> \u2013 \u00dccretsiz canl\u0131 yay\u0131n yapan global Katolik kanal\u0131.<\/li>\n<li><strong><a href=\"https:\/\/www.bbc.co.uk\/iplayer\">BBC iPlayer<\/a><\/strong> \u2013 \u0130ngiltere&#039;de tam kapsaml\u0131 yay\u0131n ve analizlerle.<\/li>\n<li><strong><a href=\"https:\/\/www.rtve.es\/play\/\">RTVE Oynat<\/a><\/strong> \u2013 Uluslararas\u0131 eri\u015fime a\u00e7\u0131k \u0130spanyol televizyonu.<\/li>\n<li><strong><a href=\"https:\/\/www.france24.com\/en\/live\">Fransa 24<\/a><\/strong> \u2013 \u00c7ok dilli yay\u0131n yapan (Frans\u0131zca, \u0130ngilizce ve \u0130spanyolca) Frans\u0131z yay\u0131n kurulu\u015fu.<\/li>\n<li><strong><a href=\"https:\/\/www.dw.com\/pt-br\/transmissao-ao-vivo\/s-100973\">DW (Deutsche Welle)<\/a><\/strong> \u2013 Portekizce ve di\u011fer dillerde yay\u0131n yapan Alman kanal\u0131.<\/li>\n<li><strong><a href=\"https:\/\/www.youtube.com\/@cnnbrasil\">CNN Brezilya \u2013 YouTube<\/a><\/strong> \u2013 Canl\u0131 yay\u0131n ve uzman yorumlar\u0131n\u0131n yer ald\u0131\u011f\u0131 resmi kanal.<\/li>\n<li><strong><a href=\"https:\/\/www.paieterno.com.br\/\">Ebedi Baba TV<\/a><\/strong> \u2013 Brezilya Katolik kanal\u0131 sabah 5\u2019ten itibaren yay\u0131n yap\u0131yor.<\/li>\n<li><strong><a href=\"https:\/\/www.youtube.com\/@VaticanNews\">Vatikan Medyas\u0131 \u2013 YouTube<\/a><\/strong> \u2013 Vatikan&#039;\u0131n resmi yay\u0131n\u0131 ayin ve defin t\u00f6reninden \u00f6zel g\u00f6r\u00fcnt\u00fcler i\u00e7eriyor.<\/li>\n<\/ul>\n<h4>\ud83d\udcf1 Cep Telefonunuzda \u0130zleyebilece\u011finiz Uygulamalar<\/h4>\n<ul>\n<li><a href=\"https:\/\/play.google.com\/store\/apps\/details?id=com.ewtn.mobile\">EWTN Uygulamas\u0131 \u2013 Android<\/a><\/li>\n<li><a href=\"https:\/\/play.google.com\/store\/apps\/details?id=bbc.iplayer.android\">BBC iPlayer \u2013 Android<\/a><\/li>\n<li><a href=\"https:\/\/play.google.com\/store\/apps\/details?id=com.france24.androidapp\">Fransa 24 \u2013 Android<\/a><\/li>\n<li><a href=\"https:\/\/play.google.com\/store\/apps\/details?id=es.rtve.play\">RTVE Play \u2013 Android<\/a><\/li>\n<li><a href=\"https:\/\/play.google.com\/store\/apps\/details?id=com.idmedia.dw\">DW Uygulamas\u0131 \u2013 Android<\/a><\/li>\n<\/ul>\n<p>Bu uygulamalar iOS cihazlar\u0131 i\u00e7in App Store&#039;da da mevcuttur.<\/p>\n<p>&nbsp;<\/p>\n<div id=\"attachment_2819\" style=\"width: 453px\" class=\"wp-caption aligncenter\"><img loading=\"lazy\" decoding=\"async\" aria-describedby=\"caption-attachment-2819\" class=\"wp-image-2819\" src=\"http:\/\/bluerabbitech.com\/wp-content\/uploads\/2025\/01\/Corpo-do-Papa-Francisco-repousa-no-caixao-na-capela-da-residencia-Santa-Marta-\u2014-Foto-Vatican-MediaDivisione-Foto-300x153.png\" alt=\"\" width=\"443\" height=\"226\" srcset=\"https:\/\/bluerabbitech.com\/wp-content\/uploads\/2025\/01\/Corpo-do-Papa-Francisco-repousa-no-caixao-na-capela-da-residencia-Santa-Marta-\u2014-Foto-Vatican-MediaDivisione-Foto-300x153.png 300w, https:\/\/bluerabbitech.com\/wp-content\/uploads\/2025\/01\/Corpo-do-Papa-Francisco-repousa-no-caixao-na-capela-da-residencia-Santa-Marta-\u2014-Foto-Vatican-MediaDivisione-Foto-768x391.png 768w, https:\/\/bluerabbitech.com\/wp-content\/uploads\/2025\/01\/Corpo-do-Papa-Francisco-repousa-no-caixao-na-capela-da-residencia-Santa-Marta-\u2014-Foto-Vatican-MediaDivisione-Foto-18x9.png 18w, https:\/\/bluerabbitech.com\/wp-content\/uploads\/2025\/01\/Corpo-do-Papa-Francisco-repousa-no-caixao-na-capela-da-residencia-Santa-Marta-\u2014-Foto-Vatican-MediaDivisione-Foto.png 864w\" sizes=\"auto, (max-width: 443px) 100vw, 443px\" \/><p id=\"caption-attachment-2819\" class=\"wp-caption-text\">Papa Francis&#039;in naa\u015f\u0131, Santa Marta ikametgah\u0131n\u0131n \u015fapelindeki tabutta yat\u0131yor \u2014 Foto\u011fraf Vatican MediaDivisione Foto<\/p><\/div>\n<hr \/>\n<h3>\ud83d\udd4a\ufe0f Cenaze T\u00f6reni ve T\u00f6ren Detaylar\u0131<\/h3>\n<p>\u00dc\u00e7 g\u00fcnl\u00fck cenaze t\u00f6reni \u015fu saatte ba\u015flayacak: <strong>\u00c7ar\u015famba, 23 Nisan<\/strong>, i\u00e7inde <strong>Aziz Petrus Bazilikas\u0131<\/strong>Cenaze t\u00f6reni Casa Santa Marta&#039;dan alay halinde ta\u015f\u0131nd\u0131ktan sonra, inananlar bu s\u00fcre zarf\u0131nda sayg\u0131lar\u0131n\u0131 sunabilecekler.<\/p>\n<p>Cumartesi g\u00fcn\u00fc, <strong>cenaze t\u00f6reni<\/strong> bazilikan\u0131n \u00f6n\u00fcndeki meydanda d\u00fczenlenecek ve ayinle sona erecek <strong>\u201cSon \u00f6vg\u00fc\u201d<\/strong> Bu <strong>&quot;Valedictio&quot;<\/strong>geleneksel ba\u015flang\u0131c\u0131n\u0131 i\u015faret ediyor <strong>dokuz g\u00fcnl\u00fck yas (Novemdiales)<\/strong>.<\/p>\n<p>Papa Franciscus topra\u011fa verilecek <strong>Aziz Mary Major Bazilikas\u0131<\/strong>, iste\u011fi \u00fczerine Roma&#039;da sade bir mezarda g\u00f6m\u00fcld\u00fc - t\u00fcm pastoral yolculu\u011fuyla uyumlu m\u00fctevaz\u0131 bir veda.<\/p>\n<hr \/>\n<h3>\ud83d\ude4f Sonu\u00e7: Ebedi Minnettarl\u0131kla Veda<\/h3>\n<p>T\u00fcm d\u00fcnya bir veda i\u00e7in dua ediyor <strong>e\u015fsiz manevi lider<\/strong>Papa Francis, bir miras b\u0131rak\u0131yor <strong>al\u00e7akg\u00f6n\u00fcll\u00fcl\u00fck, sosyal adalet, merhamet ve bar\u0131\u015f<\/strong> \u2014 sadece Katolikler aras\u0131nda de\u011fil, t\u00fcm inan\u00e7lara sahip insanlar aras\u0131nda yank\u0131 bulan de\u011ferler.<\/p>\n<p>Cenaze t\u00f6renini canl\u0131 izlemek bir yoldur <strong>son sayg\u0131lar\u0131n\u0131 sun<\/strong> ve hayat\u0131nda yapt\u0131\u011f\u0131 her \u015fey i\u00e7in ona te\u015fekk\u00fcr edin. Uzaktan da olsa bu ana kat\u0131lma f\u0131rsat\u0131n\u0131 ka\u00e7\u0131rmay\u0131n. <strong>tarihi ve manevi<\/strong>.<\/p>\n<h3><\/h3>","protected":false},"excerpt":{"rendered":"<p>Um adeus ao l\u00edder espiritual do nosso tempo O mundo se despede de Papa Francisco, um dos l\u00edderes mais carism\u00e1ticos e inspiradores da Igreja Cat\u00f3lica&#8230;.<\/p>","protected":false},"author":1,"featured_media":2821,"comment_status":"open","ping_status":"open","sticky":false,"template":"","format":"standard","meta":{"footnotes":""},"categories":[24],"tags":[1230,1229,1224,1228,1232,1227,1225,1233,1231,465,1226],"class_list":["post-2816","post","type-post","status-publish","format-standard","has-post-thumbnail","hentry","category-informacoes","tag-basilicadesaopedro","tag-despedidapontifice","tag-funeralpapafrancisco","tag-homenagemaopapa","tag-igrejacatolica","tag-missadecorpopresente","tag-papafrancisco","tag-papafranciscoeterno","tag-santamariamaior","tag-transmissaoaovivo","tag-vaticanoaovivo"],"_links":{"self":[{"href":"https:\/\/bluerabbitech.com\/tr\/wp-json\/wp\/v2\/posts\/2816","targetHints":{"allow":["GET"]}}],"collection":[{"href":"https:\/\/bluerabbitech.com\/tr\/wp-json\/wp\/v2\/posts"}],"about":[{"href":"https:\/\/bluerabbitech.com\/tr\/wp-json\/wp\/v2\/types\/post"}],"author":[{"embeddable":true,"href":"https:\/\/bluerabbitech.com\/tr\/wp-json\/wp\/v2\/users\/1"}],"replies":[{"embeddable":true,"href":"https:\/\/bluerabbitech.com\/tr\/wp-json\/wp\/v2\/comments?post=2816"}],"version-history":[{"count":5,"href":"https:\/\/bluerabbitech.com\/tr\/wp-json\/wp\/v2\/posts\/2816\/revisions"}],"predecessor-version":[{"id":2823,"href":"https:\/\/bluerabbitech.com\/tr\/wp-json\/wp\/v2\/posts\/2816\/revisions\/2823"}],"wp:featuredmedia":[{"embeddable":true,"href":"https:\/\/bluerabbitech.com\/tr\/wp-json\/wp\/v2\/media\/2821"}],"wp:attachment":[{"href":"https:\/\/bluerabbitech.com\/tr\/wp-json\/wp\/v2\/media?parent=2816"}],"wp:term":[{"taxonomy":"category","embeddable":true,"href":"https:\/\/bluerabbitech.com\/tr\/wp-json\/wp\/v2\/categories?post=2816"},{"taxonomy":"post_tag","embeddable":true,"href":"https:\/\/bluerabbitech.com\/tr\/wp-json\/wp\/v2\/tags?post=2816"}],"curies":[{"name":"wp","href":"https:\/\/api.w.org\/{rel}","templated":true}]}}