{"id":2863,"date":"2024-05-07T11:04:34","date_gmt":"2024-05-07T14:04:34","guid":{"rendered":"http:\/\/bluerabbitech.com\/?p=2863"},"modified":"2025-05-07T11:15:26","modified_gmt":"2025-05-07T14:15:26","slug":"2863-2","status":"publish","type":"post","link":"https:\/\/bluerabbitech.com\/tr\/2863-2\/","title":{"rendered":"Konklave&#039;i Canl\u0131 \u0130zleyin: Yeni Papa 2025"},"content":{"rendered":"<p>&nbsp;<\/p>\n<p><strong>Tarih yeniden yaz\u0131lacak.<\/strong> Ger\u00e7ekle\u015fmesiyle birlikte <strong>Konsey 2025<\/strong>d\u00fcnya g\u00f6zlerini ona \u00e7eviriyor <strong>Vatikan<\/strong>, nerede <strong>Katolik Kilisesi&#039;nin kardinalleri<\/strong> bulu\u015fmak <strong>Sistine \u015eapeli<\/strong> yenisini se\u00e7mek i\u00e7in <strong>Petrus&#039;un halefi<\/strong>.<\/p>\n<p>Gelenek ve maneviyatla yo\u011frulmu\u015f bu tarihi an, d\u00fcnyan\u0131n d\u00f6rt bir yan\u0131ndaki milyonlarca insan\u0131n merak\u0131n\u0131 ve inanc\u0131n\u0131 uyand\u0131r\u0131yor.<\/p>\n<p>Ve iyi haber \u015fu ki: yapabilirsiniz <strong>Conclave&#039;i canl\u0131 ve \u00fccretsiz izleyin<\/strong> do\u011frudan cep telefonunuzdan.<\/p>\n<p>Bu makalede, \u015funu g\u00f6sterece\u011fiz: <strong>\u00fccretsiz olarak nerede izlenir<\/strong>, <strong>hangi g\u00fcvenilir uygulamalar\u0131 indirmeliyim<\/strong> Bu <strong>Yeni Papa&#039;n\u0131n se\u00e7iminin t\u00fcm detaylar\u0131 nas\u0131l takip edilir?<\/strong>, ger\u00e7ek zamanl\u0131, g\u00fcvenli ve kaliteli.<\/p>\n<h3>\ud83c\udfa5 Conclave 2025&#039;i Canl\u0131 Olarak Nereden \u0130zleyebilirsiniz?<\/h3>\n<p>Conclave&#039;in yay\u0131n\u0131, kapal\u0131 bir etkinlik olmas\u0131 nedeniyle s\u0131n\u0131rl\u0131d\u0131r. Ancak, <strong>\u00f6zel haberleri takip edin<\/strong>, canl\u0131 analiz ve uzun zamand\u0131r beklenen beyaz duman, yeni bir Papa&#039;n\u0131n se\u00e7ildi\u011fini g\u00f6steriyor <strong>resmi platformlar<\/strong> Bu <strong>uluslararas\u0131 yay\u0131nc\u0131lar<\/strong>:<\/p>\n<p>&nbsp;<\/p>\n<p><iframe loading=\"lazy\" title=\"Vatikan Medya Canl\u0131 Yay\u0131n\u0131\" width=\"726\" height=\"545\" src=\"https:\/\/www.youtube.com\/embed\/J6MqpK91bEA?feature=oembed\" frameborder=\"0\" allow=\"accelerometer; autoplay; clipboard-write; encrypted-media; gyroscope; picture-in-picture; web-share\" referrerpolicy=\"strict-origin-when-cross-origin\" allowfullscreen><\/iframe><\/p>\n<h4>\ud83d\udc49 Canl\u0131 Yay\u0131n Kanallar\u0131<\/h4>\n<ul>\n<li><strong><a href=\"https:\/\/www.youtube.com\/@VaticanNews\">Vatikan Haberleri YouTube<\/a><\/strong> \u2014 Vatikan&#039;\u0131n resmi kanal\u0131, canl\u0131 yay\u0131nlar, yorumlar ve Aziz Petrus Meydan\u0131&#039;ndan \u00f6zel g\u00f6r\u00fcnt\u00fcler.<\/li>\n<li><strong><a href=\"https:\/\/www.ewtn.com\/tv\/watch-live\">EWTN (Ebedi Kelime Televizyon A\u011f\u0131)<\/a><\/strong> \u2014 Portekizce, \u0130spanyolca ve \u0130ngilizce i\u00e7erikli, ger\u00e7ek zamanl\u0131 yay\u0131n yapan Katolik kanal\u0131.<\/li>\n<li><strong><a href=\"https:\/\/www.a12.com\/tv\">TV Aparecida<\/a><\/strong> \u2014 Vatikan&#039;daki olaylar\u0131n analizini i\u00e7eren ulusal yay\u0131n.<\/li>\n<li><strong><a href=\"https:\/\/www.france24.com\/en\/live\">Fransa 24<\/a><\/strong> Bu <strong><a href=\"https:\/\/www.dw.com\/pt-br\/transmissao-ao-vivo\/s-100973\">DW Almanca<\/a><\/strong> \u2014 Canl\u0131 haber yay\u0131n\u0131 yapan uluslararas\u0131 kanallar.<\/li>\n<\/ul>\n<hr \/>\n<h3>\ud83d\udcf1 Cep Telefonunuzdan Konsey Toplant\u0131s\u0131n\u0131 \u0130zlemek \u0130\u00e7in \u00dccretsiz Uygulamalar<\/h3>\n<p>E\u011fer takip etmek istiyorsan\u0131z <strong>her \u015fey do\u011frudan ak\u0131ll\u0131 telefonunuzdan ilk elden<\/strong>Bu uygulamalar \u00fccretsiz yay\u0131nlar, ger\u00e7ek zamanl\u0131 bildirimler ve \u00f6zel programlar sunar:<\/p>\n<h4>\ud83d\udee0\ufe0f Android i\u00e7in \u00f6nerilir:<\/h4>\n<ul>\n<li><a href=\"https:\/\/play.google.com\/store\/apps\/details?id=va.vatican.va.vaticannews\">Vatikan Haber Uygulamas\u0131<\/a><\/li>\n<li><a href=\"https:\/\/play.google.com\/store\/apps\/details?id=com.ewtn.mobile\">EWTN Uygulamas\u0131<\/a><\/li>\n<li><a href=\"https:\/\/play.google.com\/store\/apps\/details?id=com.france24.androidapp\">Fransa 24<\/a><\/li>\n<li><a href=\"https:\/\/play.google.com\/store\/apps\/details?id=com.idmedia.dw\">DW Uygulamas\u0131<\/a><\/li>\n<\/ul>\n<h4>\ud83c\udf10 Ayr\u0131ca iPhone i\u00e7in App Store&#039;da da mevcuttur.<\/h4>\n<p>Bu uygulamalar \u015funlard\u0131r: <strong>g\u00fcvenli, \u00f6zg\u00fcr ve g\u00fcvenilir<\/strong>, ile <strong>kullan\u0131c\u0131 dostu aray\u00fcz<\/strong> Bu <strong>y\u00fcksek kaliteli yay\u0131nlar<\/strong>.<\/p>\n<hr \/>\n<h3>\u26ea Konsey Toplant\u0131s\u0131n\u0131 Takip Etmek Neden Bu Kadar \u00d6nemli?<\/h3>\n<p>\u00d6 <strong>Konklav, hareket halindeki Katolik Kilisesi&#039;nin kalbidir<\/strong>Yeni bir Papa se\u00e7menin yan\u0131 s\u0131ra, bu etkinlik y\u00fczy\u0131llard\u0131r s\u00fcregelen sembolizm ve rit\u00fcelleri de beraberinde getiriyor. Bu, bir Papa&#039;n\u0131n nas\u0131l se\u00e7ilece\u011fine tan\u0131kl\u0131k etmek i\u00e7in e\u015fsiz bir f\u0131rsat. <strong>tarihi ve manevi s\u00fcre\u00e7<\/strong> sadece milyonlarca inanan\u0131 de\u011fil, toplumun tamam\u0131n\u0131 etkileyen bir durum.<\/p>\n<p><strong>SEO s\u0131ralamas\u0131 i\u00e7in anahtar kelimeler:<\/strong><\/p>\n<ul>\n<li><strong>Conclave Canl\u0131 Yay\u0131n 2025<\/strong><\/li>\n<li><strong>Toplant\u0131y\u0131 cep telefonunuzdan nas\u0131l izleyebilirsiniz?<\/strong><\/li>\n<li><strong>Yeni Papa&#039;y\u0131 g\u00f6rmek i\u00e7in \u00fccretsiz uygulama<\/strong><\/li>\n<li><strong>Papa se\u00e7iminin yay\u0131n\u0131<\/strong><\/li>\n<li><strong>Vatikan Haberleri canl\u0131<\/strong><\/li>\n<\/ul>\n<hr \/>\n<h3>\u2705 Sonu\u00e7: Hemen \u0130ndirin ve \u0130zleyin!<\/h3>\n<p>G\u00fcn\u00fcm\u00fcz teknolojisi bize \u015fu olana\u011f\u0131 sa\u011fl\u0131yor: <strong>Vatikan&#039;a en yak\u0131n<\/strong>, kilometrelerce \u00f6teden bile. \u0130ndirerek <strong>do\u011fru uygulamalar<\/strong> ve takip et <strong>resmi kanallar<\/strong>, bilgiye eri\u015fimi garanti edersiniz <strong>ger\u00e7ek zamanl\u0131, \u00fccretsiz ve g\u00fcvenli bir \u015fekilde<\/strong>.<\/p>\n<p><strong>Bu tarihi an\u0131 ka\u00e7\u0131rmay\u0131n.<\/strong> Yeni Papa se\u00e7imini Vatikan&#039;dan canl\u0131 olarak takip edin. \u00dccretsiz, ruhani ve k\u00fcreseldir.<\/p>\n<p>&nbsp;<\/p>","protected":false},"excerpt":{"rendered":"<p>&nbsp; A hist\u00f3ria est\u00e1 prestes a ser escrita mais uma vez. Com a realiza\u00e7\u00e3o do Conclave 2025, o mundo volta seus olhos para o Vaticano,&#8230;<\/p>","protected":false},"author":1,"featured_media":2868,"comment_status":"open","ping_status":"open","sticky":false,"template":"","format":"standard","meta":{"footnotes":""},"categories":[24],"tags":[832,1268,1273,1269,1270,1272,1274,1032,1271,1226],"class_list":["post-2863","post","type-post","status-publish","format-standard","has-post-thumbnail","hentry","category-informacoes","tag-aplicativogratuito","tag-conclaveaovivo","tag-conclavegratis","tag-eleicaodopapa","tag-papa2025","tag-papaaovivo","tag-santasede","tag-transmissaogratuita","tag-vaticannews","tag-vaticanoaovivo"],"_links":{"self":[{"href":"https:\/\/bluerabbitech.com\/tr\/wp-json\/wp\/v2\/posts\/2863","targetHints":{"allow":["GET"]}}],"collection":[{"href":"https:\/\/bluerabbitech.com\/tr\/wp-json\/wp\/v2\/posts"}],"about":[{"href":"https:\/\/bluerabbitech.com\/tr\/wp-json\/wp\/v2\/types\/post"}],"author":[{"embeddable":true,"href":"https:\/\/bluerabbitech.com\/tr\/wp-json\/wp\/v2\/users\/1"}],"replies":[{"embeddable":true,"href":"https:\/\/bluerabbitech.com\/tr\/wp-json\/wp\/v2\/comments?post=2863"}],"version-history":[{"count":4,"href":"https:\/\/bluerabbitech.com\/tr\/wp-json\/wp\/v2\/posts\/2863\/revisions"}],"predecessor-version":[{"id":2867,"href":"https:\/\/bluerabbitech.com\/tr\/wp-json\/wp\/v2\/posts\/2863\/revisions\/2867"}],"wp:featuredmedia":[{"embeddable":true,"href":"https:\/\/bluerabbitech.com\/tr\/wp-json\/wp\/v2\/media\/2868"}],"wp:attachment":[{"href":"https:\/\/bluerabbitech.com\/tr\/wp-json\/wp\/v2\/media?parent=2863"}],"wp:term":[{"taxonomy":"category","embeddable":true,"href":"https:\/\/bluerabbitech.com\/tr\/wp-json\/wp\/v2\/categories?post=2863"},{"taxonomy":"post_tag","embeddable":true,"href":"https:\/\/bluerabbitech.com\/tr\/wp-json\/wp\/v2\/tags?post=2863"}],"curies":[{"name":"wp","href":"https:\/\/api.w.org\/{rel}","templated":true}]}}